{"id":5667,"date":"2023-02-11T17:30:13","date_gmt":"2023-02-11T20:30:13","guid":{"rendered":"https:\/\/web.ifac.edu.br\/reitora\/?p=5667"},"modified":"2023-02-13T09:52:15","modified_gmt":"2023-02-13T12:52:15","slug":"assinatura-de-termo-de-permissao-de-uso-em-epitaciolandia","status":"publish","type":"post","link":"https:\/\/web.ifac.edu.br\/reitora\/2023\/02\/11\/assinatura-de-termo-de-permissao-de-uso-em-epitaciolandia\/","title":{"rendered":"Assinatura de Termo de Permiss\u00e3o de Uso em Epitaciol\u00e2ndia"},"content":{"rendered":"<p><img fetchpriority=\"high\" decoding=\"async\" class=\"aligncenter wp-image-5668 size-full\" src=\"https:\/\/web.ifac.edu.br\/reitora\/wp-content\/uploads\/sites\/30\/2023\/02\/75ef4676-1ceb-45fe-9700-6ddf01e41f3c.jpeg\" alt=\"\" width=\"650\" height=\"460\" srcset=\"https:\/\/web.ifac.edu.br\/reitora\/wp-content\/uploads\/sites\/30\/2023\/02\/75ef4676-1ceb-45fe-9700-6ddf01e41f3c.jpeg 650w, https:\/\/web.ifac.edu.br\/reitora\/wp-content\/uploads\/sites\/30\/2023\/02\/75ef4676-1ceb-45fe-9700-6ddf01e41f3c-300x212.jpeg 300w, https:\/\/web.ifac.edu.br\/reitora\/wp-content\/uploads\/sites\/30\/2023\/02\/75ef4676-1ceb-45fe-9700-6ddf01e41f3c-624x442.jpeg 624w\" sizes=\"(max-width: 650px) 100vw, 650px\" \/><\/p>\n<p>Hoje foi dia de assinar o Termo de Permiss\u00e3o de Uso da Escola Municipal Bela Flor, em Epitaciol\u00e2ndia, para instala\u00e7\u00e3o do Centro de Refer\u00eancia do Ifac\/Campus Xapuri.<\/p>\n<p>A parceria visa a oferta de cursos FIC, t\u00e9cnicos, gradua\u00e7\u00e3o e p\u00f3s-gradua\u00e7\u00e3o.<\/p>\n<p>O evento contou com a presen\u00e7a da reitora do Ifac, Rosana Cavalcante dos Santos, do diretor geral do campus Xapuri, Joel Bezerra, do prefeito de Epitaciol\u00e2ndia, S\u00e9rgio Lopes de Souza, al\u00e9m de gestores do Ifac e do Executivo Municipal.<\/p>\n<p><img decoding=\"async\" class=\"alignnone size-medium wp-image-5669\" src=\"https:\/\/web.ifac.edu.br\/reitora\/wp-content\/uploads\/sites\/30\/2023\/02\/345aa6c9-ab06-4e79-bd6c-8cb16b0bbdfc-300x200.jpeg\" alt=\"\" width=\"300\" height=\"200\" srcset=\"https:\/\/web.ifac.edu.br\/reitora\/wp-content\/uploads\/sites\/30\/2023\/02\/345aa6c9-ab06-4e79-bd6c-8cb16b0bbdfc-300x200.jpeg 300w, https:\/\/web.ifac.edu.br\/reitora\/wp-content\/uploads\/sites\/30\/2023\/02\/345aa6c9-ab06-4e79-bd6c-8cb16b0bbdfc.jpeg 468w\" sizes=\"(max-width: 300px) 100vw, 300px\" \/>\u00a0 <img decoding=\"async\" class=\"alignnone size-medium wp-image-5670\" src=\"https:\/\/web.ifac.edu.br\/reitora\/wp-content\/uploads\/sites\/30\/2023\/02\/c33df5c7-a34d-47d7-958f-634074637d17-300x200.jpeg\" alt=\"\" width=\"300\" height=\"200\" srcset=\"https:\/\/web.ifac.edu.br\/reitora\/wp-content\/uploads\/sites\/30\/2023\/02\/c33df5c7-a34d-47d7-958f-634074637d17-300x200.jpeg 300w, https:\/\/web.ifac.edu.br\/reitora\/wp-content\/uploads\/sites\/30\/2023\/02\/c33df5c7-a34d-47d7-958f-634074637d17.jpeg 468w\" sizes=\"(max-width: 300px) 100vw, 300px\" \/><\/p>\n<p><img loading=\"lazy\" decoding=\"async\" class=\"alignnone size-medium wp-image-5672\" src=\"https:\/\/web.ifac.edu.br\/reitora\/wp-content\/uploads\/sites\/30\/2023\/02\/8e3a1cb2-94c8-40a0-b2ef-4621e7f60973-300x200.jpeg\" alt=\"\" width=\"300\" height=\"200\" srcset=\"https:\/\/web.ifac.edu.br\/reitora\/wp-content\/uploads\/sites\/30\/2023\/02\/8e3a1cb2-94c8-40a0-b2ef-4621e7f60973-300x200.jpeg 300w, https:\/\/web.ifac.edu.br\/reitora\/wp-content\/uploads\/sites\/30\/2023\/02\/8e3a1cb2-94c8-40a0-b2ef-4621e7f60973.jpeg 468w\" sizes=\"(max-width: 300px) 100vw, 300px\" \/>\u00a0 <img loading=\"lazy\" decoding=\"async\" class=\"alignnone size-medium wp-image-5671\" src=\"https:\/\/web.ifac.edu.br\/reitora\/wp-content\/uploads\/sites\/30\/2023\/02\/cd525fa4-8c7e-4a74-922e-f7a5263bc420-300x200.jpeg\" alt=\"\" width=\"300\" height=\"200\" srcset=\"https:\/\/web.ifac.edu.br\/reitora\/wp-content\/uploads\/sites\/30\/2023\/02\/cd525fa4-8c7e-4a74-922e-f7a5263bc420-300x200.jpeg 300w, https:\/\/web.ifac.edu.br\/reitora\/wp-content\/uploads\/sites\/30\/2023\/02\/cd525fa4-8c7e-4a74-922e-f7a5263bc420.jpeg 468w\" sizes=\"(max-width: 300px) 100vw, 300px\" \/><\/p>\n","protected":false},"excerpt":{"rendered":"<p>Hoje foi dia de assinar o Termo de Permiss\u00e3o de Uso da Escola Municipal Bela Flor, em Epitaciol\u00e2ndia, para instala\u00e7\u00e3o do Centro de Refer\u00eancia do Ifac\/Campus Xapuri. A parceria visa a oferta de cursos FIC, t\u00e9cnicos, gradua\u00e7\u00e3o e p\u00f3s-gradua\u00e7\u00e3o. O evento contou com a presen\u00e7a da reitora do Ifac, Rosana Cavalcante dos Santos, do diretor [&hellip;]<\/p>\n","protected":false},"author":27,"featured_media":0,"comment_status":"closed","ping_status":"open","sticky":false,"template":"","format":"standard","meta":{"footnotes":""},"categories":[2],"tags":[],"class_list":["post-5667","post","type-post","status-publish","format-standard","hentry","category-noticias"],"_links":{"self":[{"href":"https:\/\/web.ifac.edu.br\/reitora\/wp-json\/wp\/v2\/posts\/5667","targetHints":{"allow":["GET"]}}],"collection":[{"href":"https:\/\/web.ifac.edu.br\/reitora\/wp-json\/wp\/v2\/posts"}],"about":[{"href":"https:\/\/web.ifac.edu.br\/reitora\/wp-json\/wp\/v2\/types\/post"}],"author":[{"embeddable":true,"href":"https:\/\/web.ifac.edu.br\/reitora\/wp-json\/wp\/v2\/users\/27"}],"replies":[{"embeddable":true,"href":"https:\/\/web.ifac.edu.br\/reitora\/wp-json\/wp\/v2\/comments?post=5667"}],"version-history":[{"count":0,"href":"https:\/\/web.ifac.edu.br\/reitora\/wp-json\/wp\/v2\/posts\/5667\/revisions"}],"wp:attachment":[{"href":"https:\/\/web.ifac.edu.br\/reitora\/wp-json\/wp\/v2\/media?parent=5667"}],"wp:term":[{"taxonomy":"category","embeddable":true,"href":"https:\/\/web.ifac.edu.br\/reitora\/wp-json\/wp\/v2\/categories?post=5667"},{"taxonomy":"post_tag","embeddable":true,"href":"https:\/\/web.ifac.edu.br\/reitora\/wp-json\/wp\/v2\/tags?post=5667"}],"curies":[{"name":"wp","href":"https:\/\/api.w.org\/{rel}","templated":true}]}}