{"id":5662,"date":"2022-12-20T10:13:24","date_gmt":"2022-12-20T13:13:24","guid":{"rendered":"https:\/\/web.ifac.edu.br\/reitora\/?p=5662"},"modified":"2022-12-20T10:13:24","modified_gmt":"2022-12-20T13:13:24","slug":"feliz-natal-e-prospero-ano-nono","status":"publish","type":"post","link":"https:\/\/web.ifac.edu.br\/reitora\/2022\/12\/20\/feliz-natal-e-prospero-ano-nono\/","title":{"rendered":"Feliz Natal e pr\u00f3spero Ano Nono"},"content":{"rendered":"<p><img fetchpriority=\"high\" decoding=\"async\" class=\"aligncenter wp-image-5663 size-large\" src=\"https:\/\/web.ifac.edu.br\/reitora\/wp-content\/uploads\/sites\/30\/2022\/12\/1_NATAL_card_-1024x1024.png\" alt=\"\" width=\"625\" height=\"625\" srcset=\"https:\/\/web.ifac.edu.br\/reitora\/wp-content\/uploads\/sites\/30\/2022\/12\/1_NATAL_card_-1024x1024.png 1024w, https:\/\/web.ifac.edu.br\/reitora\/wp-content\/uploads\/sites\/30\/2022\/12\/1_NATAL_card_-300x300.png 300w, https:\/\/web.ifac.edu.br\/reitora\/wp-content\/uploads\/sites\/30\/2022\/12\/1_NATAL_card_-150x150.png 150w, https:\/\/web.ifac.edu.br\/reitora\/wp-content\/uploads\/sites\/30\/2022\/12\/1_NATAL_card_-768x768.png 768w, https:\/\/web.ifac.edu.br\/reitora\/wp-content\/uploads\/sites\/30\/2022\/12\/1_NATAL_card_-624x624.png 624w, https:\/\/web.ifac.edu.br\/reitora\/wp-content\/uploads\/sites\/30\/2022\/12\/1_NATAL_card_.png 1491w\" sizes=\"(max-width: 625px) 100vw, 625px\" \/><\/p>\n<p>Neste momento de celebra\u00e7\u00f5es, agradecemos pelo ano que se encerra e renovamos nossas esperan\u00e7as para o ano novo.<\/p>\n<p>Desejamos a todos um Feliz Natal e um pr\u00f3spero 2023.<\/p>\n","protected":false},"excerpt":{"rendered":"<p>Neste momento de celebra\u00e7\u00f5es, agradecemos pelo ano que se encerra e renovamos nossas esperan\u00e7as para o ano novo. Desejamos a todos um Feliz Natal e um pr\u00f3spero 2023.<\/p>\n","protected":false},"author":27,"featured_media":0,"comment_status":"closed","ping_status":"open","sticky":false,"template":"","format":"standard","meta":{"footnotes":""},"categories":[2],"tags":[],"class_list":["post-5662","post","type-post","status-publish","format-standard","hentry","category-noticias"],"_links":{"self":[{"href":"https:\/\/web.ifac.edu.br\/reitora\/wp-json\/wp\/v2\/posts\/5662","targetHints":{"allow":["GET"]}}],"collection":[{"href":"https:\/\/web.ifac.edu.br\/reitora\/wp-json\/wp\/v2\/posts"}],"about":[{"href":"https:\/\/web.ifac.edu.br\/reitora\/wp-json\/wp\/v2\/types\/post"}],"author":[{"embeddable":true,"href":"https:\/\/web.ifac.edu.br\/reitora\/wp-json\/wp\/v2\/users\/27"}],"replies":[{"embeddable":true,"href":"https:\/\/web.ifac.edu.br\/reitora\/wp-json\/wp\/v2\/comments?post=5662"}],"version-history":[{"count":0,"href":"https:\/\/web.ifac.edu.br\/reitora\/wp-json\/wp\/v2\/posts\/5662\/revisions"}],"wp:attachment":[{"href":"https:\/\/web.ifac.edu.br\/reitora\/wp-json\/wp\/v2\/media?parent=5662"}],"wp:term":[{"taxonomy":"category","embeddable":true,"href":"https:\/\/web.ifac.edu.br\/reitora\/wp-json\/wp\/v2\/categories?post=5662"},{"taxonomy":"post_tag","embeddable":true,"href":"https:\/\/web.ifac.edu.br\/reitora\/wp-json\/wp\/v2\/tags?post=5662"}],"curies":[{"name":"wp","href":"https:\/\/api.w.org\/{rel}","templated":true}]}}