{"id":5655,"date":"2022-12-06T11:15:01","date_gmt":"2022-12-06T14:15:01","guid":{"rendered":"https:\/\/web.ifac.edu.br\/reitora\/?p=5655"},"modified":"2022-12-06T11:15:01","modified_gmt":"2022-12-06T14:15:01","slug":"parlamentar-amigo-do-ifac-senador-sergio-petecao","status":"publish","type":"post","link":"https:\/\/web.ifac.edu.br\/reitora\/2022\/12\/06\/parlamentar-amigo-do-ifac-senador-sergio-petecao\/","title":{"rendered":"Parlamentar Amigo do Ifac &#8211; Senador S\u00e9rgio Petec\u00e3o"},"content":{"rendered":"<p><img fetchpriority=\"high\" decoding=\"async\" class=\"aligncenter wp-image-5658 size-full\" src=\"https:\/\/web.ifac.edu.br\/reitora\/wp-content\/uploads\/sites\/30\/2022\/12\/aad6913f-0e1d-4fc6-a991-c2a347b0862a.jpeg\" alt=\"\" width=\"768\" height=\"576\" srcset=\"https:\/\/web.ifac.edu.br\/reitora\/wp-content\/uploads\/sites\/30\/2022\/12\/aad6913f-0e1d-4fc6-a991-c2a347b0862a.jpeg 768w, https:\/\/web.ifac.edu.br\/reitora\/wp-content\/uploads\/sites\/30\/2022\/12\/aad6913f-0e1d-4fc6-a991-c2a347b0862a-300x225.jpeg 300w, https:\/\/web.ifac.edu.br\/reitora\/wp-content\/uploads\/sites\/30\/2022\/12\/aad6913f-0e1d-4fc6-a991-c2a347b0862a-624x468.jpeg 624w\" sizes=\"(max-width: 768px) 100vw, 768px\" \/><\/p>\n<p>A Reitora do Instituto Federal do Acre (Ifac), Rosana Cavalcante dos Santos, iniciou, nesta segunda-feira (05.12), a entrega dos t\u00edtulos de Parlamentar Amigo do Ifac, em agradecimento ao apoio que a institui\u00e7\u00e3o recebe de deputados federais e senadores atrav\u00e9s de emendas individuais. A entrega do t\u00edtulo ser\u00e1 realizada aos parlamentares em eventos realizados no Gabinete Institucional.<\/p>\n<p>O primeiro a receber o t\u00edtulo foi o senador S\u00e9rgio Petec\u00e3o e, na ocasi\u00e3o, a Reitora Rosana Cavalcante agradeceu o apoio e parceria durante o ano de 2022, com a destina\u00e7\u00e3o de recursos para investimentos no Campus Baixada do Sol.<\/p>\n<p><img decoding=\"async\" class=\"aligncenter wp-image-5657 size-full\" src=\"https:\/\/web.ifac.edu.br\/reitora\/wp-content\/uploads\/sites\/30\/2022\/12\/40273aa8-7acc-42fc-8641-ea11e30b2e7d.jpeg\" alt=\"\" width=\"663\" height=\"622\" srcset=\"https:\/\/web.ifac.edu.br\/reitora\/wp-content\/uploads\/sites\/30\/2022\/12\/40273aa8-7acc-42fc-8641-ea11e30b2e7d.jpeg 663w, https:\/\/web.ifac.edu.br\/reitora\/wp-content\/uploads\/sites\/30\/2022\/12\/40273aa8-7acc-42fc-8641-ea11e30b2e7d-300x281.jpeg 300w, https:\/\/web.ifac.edu.br\/reitora\/wp-content\/uploads\/sites\/30\/2022\/12\/40273aa8-7acc-42fc-8641-ea11e30b2e7d-624x585.jpeg 624w\" sizes=\"(max-width: 663px) 100vw, 663px\" \/> <strong>Leia mais<\/strong>: <a class=\"x1fey0fg xmper1u x1edh9d7\" href=\"https:\/\/www.ifac.edu.br\/reitoria\/2022\/dezembro\/reitoria-homenageia-parlamentares-com-o-titulo-de-amigo-do-ifac\">https:\/\/www.ifac.edu.br\/reitoria\/2022\/dezembro\/reitoria-homenageia-parlamentares-com-o-titulo-de-amigo-do-ifac<\/a><\/p>\n","protected":false},"excerpt":{"rendered":"<p>A Reitora do Instituto Federal do Acre (Ifac), Rosana Cavalcante dos Santos, iniciou, nesta segunda-feira (05.12), a entrega dos t\u00edtulos de Parlamentar Amigo do Ifac, em agradecimento ao apoio que a institui\u00e7\u00e3o recebe de deputados federais e senadores atrav\u00e9s de emendas individuais. A entrega do t\u00edtulo ser\u00e1 realizada aos parlamentares em eventos realizados no Gabinete [&hellip;]<\/p>\n","protected":false},"author":27,"featured_media":0,"comment_status":"closed","ping_status":"open","sticky":false,"template":"","format":"standard","meta":{"footnotes":""},"categories":[2],"tags":[],"class_list":["post-5655","post","type-post","status-publish","format-standard","hentry","category-noticias"],"_links":{"self":[{"href":"https:\/\/web.ifac.edu.br\/reitora\/wp-json\/wp\/v2\/posts\/5655","targetHints":{"allow":["GET"]}}],"collection":[{"href":"https:\/\/web.ifac.edu.br\/reitora\/wp-json\/wp\/v2\/posts"}],"about":[{"href":"https:\/\/web.ifac.edu.br\/reitora\/wp-json\/wp\/v2\/types\/post"}],"author":[{"embeddable":true,"href":"https:\/\/web.ifac.edu.br\/reitora\/wp-json\/wp\/v2\/users\/27"}],"replies":[{"embeddable":true,"href":"https:\/\/web.ifac.edu.br\/reitora\/wp-json\/wp\/v2\/comments?post=5655"}],"version-history":[{"count":0,"href":"https:\/\/web.ifac.edu.br\/reitora\/wp-json\/wp\/v2\/posts\/5655\/revisions"}],"wp:attachment":[{"href":"https:\/\/web.ifac.edu.br\/reitora\/wp-json\/wp\/v2\/media?parent=5655"}],"wp:term":[{"taxonomy":"category","embeddable":true,"href":"https:\/\/web.ifac.edu.br\/reitora\/wp-json\/wp\/v2\/categories?post=5655"},{"taxonomy":"post_tag","embeddable":true,"href":"https:\/\/web.ifac.edu.br\/reitora\/wp-json\/wp\/v2\/tags?post=5655"}],"curies":[{"name":"wp","href":"https:\/\/api.w.org\/{rel}","templated":true}]}}