{"id":5651,"date":"2022-12-02T14:21:18","date_gmt":"2022-12-02T17:21:18","guid":{"rendered":"https:\/\/web.ifac.edu.br\/reitora\/?p=5651"},"modified":"2022-12-06T11:15:45","modified_gmt":"2022-12-06T14:15:45","slug":"nota-oficial","status":"publish","type":"post","link":"https:\/\/web.ifac.edu.br\/reitora\/2022\/12\/02\/nota-oficial\/","title":{"rendered":"Nota Oficial"},"content":{"rendered":"<p><img fetchpriority=\"high\" decoding=\"async\" class=\"aligncenter wp-image-5653 size-full\" src=\"https:\/\/web.ifac.edu.br\/reitora\/wp-content\/uploads\/sites\/30\/2022\/12\/IMG-20221202-WA0032-1.jpg\" alt=\"\" width=\"650\" height=\"460\" srcset=\"https:\/\/web.ifac.edu.br\/reitora\/wp-content\/uploads\/sites\/30\/2022\/12\/IMG-20221202-WA0032-1.jpg 650w, https:\/\/web.ifac.edu.br\/reitora\/wp-content\/uploads\/sites\/30\/2022\/12\/IMG-20221202-WA0032-1-300x212.jpg 300w, https:\/\/web.ifac.edu.br\/reitora\/wp-content\/uploads\/sites\/30\/2022\/12\/IMG-20221202-WA0032-1-624x442.jpg 624w\" sizes=\"(max-width: 650px) 100vw, 650px\" \/><\/p>\n<p><em><strong>Governo Federal volta a zerar as contas do Ifac<\/strong><\/em><\/p>\n<p>O Instituto Federal do Acre (Ifac) informa que, nesta quinta-feira (01.12), ap\u00f3s o Governo Federal anunciar o desbloqueio or\u00e7ament\u00e1rio nas contas das institui\u00e7\u00f5es de ensino superior, realizou no mesmo momento o confisco dos limites de pagamento do Instituto Federal do Acre e das demais institui\u00e7\u00f5es que comp\u00f5em a Rede Federal de Educa\u00e7\u00e3o Profissional, Cient\u00edfica e Tecnol\u00f3gica (RFEPCT).<\/p>\n<p>Com essa a\u00e7\u00e3o inexplic\u00e1vel por parte do Executivo Federal, o Ifac j\u00e1 prev\u00ea consequ\u00eancias, como a falta de pagamento de servi\u00e7os j\u00e1 realizados ou materiais adquiridos, como vigil\u00e2ncia, energia el\u00e9trica, limpeza, di\u00e1rias e ajudas de custos para alunos, por exemplo. Dessa forma, at\u00e9 o final deste ano, a institui\u00e7\u00e3o fica inadimplente com fornecedores e prestadores de servi\u00e7os, podendo resultar na rescis\u00e3o de contrato, como tamb\u00e9m corte de energia el\u00e9trica.<\/p>\n<p>Al\u00e9m disso, ap\u00f3s a retirada do limite de pagamento, o Ifac tamb\u00e9m teve seu cr\u00e9dito or\u00e7ament\u00e1rio bloqueado em sua totalidade no valor de R$ 1,9 milh\u00e3o. Da mesma forma ocorreu com os Termos de Execu\u00e7\u00e3o Descentralizada (TED) referentes aos Laborat\u00f3rios IFMakers, Mobili\u00e1rio para a Reitoria, bem como recursos para a oferta de cursos\u00a0de Educa\u00e7\u00e3o de Jovens e Adultos (EJ\u00c1), no montante de R$ 3,1 milh\u00f5es.<\/p>\n<p>Com os bloqueios do Or\u00e7amento, o Instituto Federal do Acre ter\u00e1 uma perda de R$ 5 milh\u00f5es, comprometendo seu funcionamento. Vale ressaltar ainda que, at\u00e9 o momento, n\u00e3o foi informado pelos \u00f3rg\u00e3os setoriais de or\u00e7amento do Governo Federal a motiva\u00e7\u00e3o e, muito menos, o instrumento normativo que deu causa ao bloqueio financeiro.<\/p>\n<p>Leia a Nota Oficial na \u00edntegra: <a href=\"https:\/\/www.ifac.edu.br\/noticias\/2022\/dezembro\/governo-federal-volta-a-zera-as-contas-do-ifac\" target=\"_blank\" rel=\"noopener\">https:\/\/www.ifac.edu.br\/noticias\/2022\/dezembro\/governo-federal-volta-a-zera-as-contas-do-ifac<\/a><\/p>\n","protected":false},"excerpt":{"rendered":"<p>Governo Federal volta a zerar as contas do Ifac O Instituto Federal do Acre (Ifac) informa que, nesta quinta-feira (01.12), ap\u00f3s o Governo Federal anunciar o desbloqueio or\u00e7ament\u00e1rio nas contas das institui\u00e7\u00f5es de ensino superior, realizou no mesmo momento o confisco dos limites de pagamento do Instituto Federal do Acre e das demais institui\u00e7\u00f5es que [&hellip;]<\/p>\n","protected":false},"author":27,"featured_media":0,"comment_status":"closed","ping_status":"open","sticky":false,"template":"","format":"standard","meta":{"footnotes":""},"categories":[2],"tags":[],"class_list":["post-5651","post","type-post","status-publish","format-standard","hentry","category-noticias"],"_links":{"self":[{"href":"https:\/\/web.ifac.edu.br\/reitora\/wp-json\/wp\/v2\/posts\/5651","targetHints":{"allow":["GET"]}}],"collection":[{"href":"https:\/\/web.ifac.edu.br\/reitora\/wp-json\/wp\/v2\/posts"}],"about":[{"href":"https:\/\/web.ifac.edu.br\/reitora\/wp-json\/wp\/v2\/types\/post"}],"author":[{"embeddable":true,"href":"https:\/\/web.ifac.edu.br\/reitora\/wp-json\/wp\/v2\/users\/27"}],"replies":[{"embeddable":true,"href":"https:\/\/web.ifac.edu.br\/reitora\/wp-json\/wp\/v2\/comments?post=5651"}],"version-history":[{"count":0,"href":"https:\/\/web.ifac.edu.br\/reitora\/wp-json\/wp\/v2\/posts\/5651\/revisions"}],"wp:attachment":[{"href":"https:\/\/web.ifac.edu.br\/reitora\/wp-json\/wp\/v2\/media?parent=5651"}],"wp:term":[{"taxonomy":"category","embeddable":true,"href":"https:\/\/web.ifac.edu.br\/reitora\/wp-json\/wp\/v2\/categories?post=5651"},{"taxonomy":"post_tag","embeddable":true,"href":"https:\/\/web.ifac.edu.br\/reitora\/wp-json\/wp\/v2\/tags?post=5651"}],"curies":[{"name":"wp","href":"https:\/\/api.w.org\/{rel}","templated":true}]}}