{"id":5647,"date":"2022-07-01T11:11:34","date_gmt":"2022-07-01T14:11:34","guid":{"rendered":"https:\/\/web.ifac.edu.br\/reitora\/?p=5647"},"modified":"2022-07-01T11:11:34","modified_gmt":"2022-07-01T14:11:34","slug":"restricoes-de-uso-para-eleicoes-2022","status":"publish","type":"post","link":"https:\/\/web.ifac.edu.br\/reitora\/2022\/07\/01\/restricoes-de-uso-para-eleicoes-2022\/","title":{"rendered":"Restri\u00e7\u00f5es de uso para elei\u00e7\u00f5es 2022"},"content":{"rendered":"<p><img fetchpriority=\"high\" decoding=\"async\" class=\"aligncenter wp-image-5648 size-large\" src=\"https:\/\/web.ifac.edu.br\/reitora\/wp-content\/uploads\/sites\/30\/2022\/07\/Eleicoes_REGRAS_2022_Blog_-1024x1024.png\" alt=\"\" width=\"625\" height=\"625\" srcset=\"https:\/\/web.ifac.edu.br\/reitora\/wp-content\/uploads\/sites\/30\/2022\/07\/Eleicoes_REGRAS_2022_Blog_-1024x1024.png 1024w, https:\/\/web.ifac.edu.br\/reitora\/wp-content\/uploads\/sites\/30\/2022\/07\/Eleicoes_REGRAS_2022_Blog_-300x300.png 300w, https:\/\/web.ifac.edu.br\/reitora\/wp-content\/uploads\/sites\/30\/2022\/07\/Eleicoes_REGRAS_2022_Blog_-150x150.png 150w, https:\/\/web.ifac.edu.br\/reitora\/wp-content\/uploads\/sites\/30\/2022\/07\/Eleicoes_REGRAS_2022_Blog_-768x767.png 768w, https:\/\/web.ifac.edu.br\/reitora\/wp-content\/uploads\/sites\/30\/2022\/07\/Eleicoes_REGRAS_2022_Blog_-624x624.png 624w, https:\/\/web.ifac.edu.br\/reitora\/wp-content\/uploads\/sites\/30\/2022\/07\/Eleicoes_REGRAS_2022_Blog_.png 1494w\" sizes=\"(max-width: 625px) 100vw, 625px\" \/><\/p>\n<p>A partir das 17h, desta sexta-feira (01.07), este perfil ser\u00e1 desativado por conta do per\u00edodo eleitoral.<\/p>\n<p>A restri\u00e7\u00e3o permanecer\u00e1 vigente at\u00e9 o final do 1\u00ba ou 2\u00ba turno das elei\u00e7\u00f5es, se for o caso.<\/p>\n","protected":false},"excerpt":{"rendered":"<p>A partir das 17h, desta sexta-feira (01.07), este perfil ser\u00e1 desativado por conta do per\u00edodo eleitoral. A restri\u00e7\u00e3o permanecer\u00e1 vigente at\u00e9 o final do 1\u00ba ou 2\u00ba turno das elei\u00e7\u00f5es, se for o caso.<\/p>\n","protected":false},"author":27,"featured_media":0,"comment_status":"closed","ping_status":"open","sticky":false,"template":"","format":"standard","meta":{"footnotes":""},"categories":[2],"tags":[],"class_list":["post-5647","post","type-post","status-publish","format-standard","hentry","category-noticias"],"_links":{"self":[{"href":"https:\/\/web.ifac.edu.br\/reitora\/wp-json\/wp\/v2\/posts\/5647","targetHints":{"allow":["GET"]}}],"collection":[{"href":"https:\/\/web.ifac.edu.br\/reitora\/wp-json\/wp\/v2\/posts"}],"about":[{"href":"https:\/\/web.ifac.edu.br\/reitora\/wp-json\/wp\/v2\/types\/post"}],"author":[{"embeddable":true,"href":"https:\/\/web.ifac.edu.br\/reitora\/wp-json\/wp\/v2\/users\/27"}],"replies":[{"embeddable":true,"href":"https:\/\/web.ifac.edu.br\/reitora\/wp-json\/wp\/v2\/comments?post=5647"}],"version-history":[{"count":0,"href":"https:\/\/web.ifac.edu.br\/reitora\/wp-json\/wp\/v2\/posts\/5647\/revisions"}],"wp:attachment":[{"href":"https:\/\/web.ifac.edu.br\/reitora\/wp-json\/wp\/v2\/media?parent=5647"}],"wp:term":[{"taxonomy":"category","embeddable":true,"href":"https:\/\/web.ifac.edu.br\/reitora\/wp-json\/wp\/v2\/categories?post=5647"},{"taxonomy":"post_tag","embeddable":true,"href":"https:\/\/web.ifac.edu.br\/reitora\/wp-json\/wp\/v2\/tags?post=5647"}],"curies":[{"name":"wp","href":"https:\/\/api.w.org\/{rel}","templated":true}]}}