{"id":5639,"date":"2022-06-14T06:00:38","date_gmt":"2022-06-14T09:00:38","guid":{"rendered":"https:\/\/web.ifac.edu.br\/reitora\/?p=5639"},"modified":"2022-06-09T10:56:16","modified_gmt":"2022-06-09T13:56:16","slug":"parabens-acre-4","status":"publish","type":"post","link":"https:\/\/web.ifac.edu.br\/reitora\/2022\/06\/14\/parabens-acre-4\/","title":{"rendered":"Parab\u00e9ns, Acre"},"content":{"rendered":"<p><img fetchpriority=\"high\" decoding=\"async\" class=\"aligncenter wp-image-5640 size-large\" src=\"https:\/\/web.ifac.edu.br\/reitora\/wp-content\/uploads\/sites\/30\/2022\/06\/Design-sem-nome-5-1024x1024.png\" alt=\"\" width=\"625\" height=\"625\" srcset=\"https:\/\/web.ifac.edu.br\/reitora\/wp-content\/uploads\/sites\/30\/2022\/06\/Design-sem-nome-5-1024x1024.png 1024w, https:\/\/web.ifac.edu.br\/reitora\/wp-content\/uploads\/sites\/30\/2022\/06\/Design-sem-nome-5-300x300.png 300w, https:\/\/web.ifac.edu.br\/reitora\/wp-content\/uploads\/sites\/30\/2022\/06\/Design-sem-nome-5-150x150.png 150w, https:\/\/web.ifac.edu.br\/reitora\/wp-content\/uploads\/sites\/30\/2022\/06\/Design-sem-nome-5-768x768.png 768w, https:\/\/web.ifac.edu.br\/reitora\/wp-content\/uploads\/sites\/30\/2022\/06\/Design-sem-nome-5-624x624.png 624w, https:\/\/web.ifac.edu.br\/reitora\/wp-content\/uploads\/sites\/30\/2022\/06\/Design-sem-nome-5.png 1080w\" sizes=\"(max-width: 625px) 100vw, 625px\" \/><\/p>\n<p>No anivers\u00e1rio do Acre, o Ifac est\u00e1 presente em todas as regionais administrativas com os campi: Rio Branco, Sena Madureira, Cruzeiro do Sul, Xapuri, Tarauac\u00e1 e Baixada do Sol.<\/p>\n<p>Com a oferta de educa\u00e7\u00e3o p\u00fablica, gratuita, de qualidade e inclusiva, o Ifac tem orgulho de fazer parte dessa hist\u00f3ria.<\/p>\n<p>Parab\u00e9ns, Acre!<\/p>\n","protected":false},"excerpt":{"rendered":"<p>No anivers\u00e1rio do Acre, o Ifac est\u00e1 presente em todas as regionais administrativas com os campi: Rio Branco, Sena Madureira, Cruzeiro do Sul, Xapuri, Tarauac\u00e1 e Baixada do Sol. Com a oferta de educa\u00e7\u00e3o p\u00fablica, gratuita, de qualidade e inclusiva, o Ifac tem orgulho de fazer parte dessa hist\u00f3ria. Parab\u00e9ns, Acre!<\/p>\n","protected":false},"author":27,"featured_media":0,"comment_status":"closed","ping_status":"open","sticky":false,"template":"","format":"standard","meta":{"footnotes":""},"categories":[2],"tags":[],"class_list":["post-5639","post","type-post","status-publish","format-standard","hentry","category-noticias"],"_links":{"self":[{"href":"https:\/\/web.ifac.edu.br\/reitora\/wp-json\/wp\/v2\/posts\/5639","targetHints":{"allow":["GET"]}}],"collection":[{"href":"https:\/\/web.ifac.edu.br\/reitora\/wp-json\/wp\/v2\/posts"}],"about":[{"href":"https:\/\/web.ifac.edu.br\/reitora\/wp-json\/wp\/v2\/types\/post"}],"author":[{"embeddable":true,"href":"https:\/\/web.ifac.edu.br\/reitora\/wp-json\/wp\/v2\/users\/27"}],"replies":[{"embeddable":true,"href":"https:\/\/web.ifac.edu.br\/reitora\/wp-json\/wp\/v2\/comments?post=5639"}],"version-history":[{"count":0,"href":"https:\/\/web.ifac.edu.br\/reitora\/wp-json\/wp\/v2\/posts\/5639\/revisions"}],"wp:attachment":[{"href":"https:\/\/web.ifac.edu.br\/reitora\/wp-json\/wp\/v2\/media?parent=5639"}],"wp:term":[{"taxonomy":"category","embeddable":true,"href":"https:\/\/web.ifac.edu.br\/reitora\/wp-json\/wp\/v2\/categories?post=5639"},{"taxonomy":"post_tag","embeddable":true,"href":"https:\/\/web.ifac.edu.br\/reitora\/wp-json\/wp\/v2\/tags?post=5639"}],"curies":[{"name":"wp","href":"https:\/\/api.w.org\/{rel}","templated":true}]}}