{"id":5630,"date":"2022-05-17T06:01:45","date_gmt":"2022-05-17T09:01:45","guid":{"rendered":"https:\/\/web.ifac.edu.br\/reitora\/?p=5630"},"modified":"2022-05-11T11:05:29","modified_gmt":"2022-05-11T14:05:29","slug":"dia-internacional-contra-a-lgbtfobia","status":"publish","type":"post","link":"https:\/\/web.ifac.edu.br\/reitora\/2022\/05\/17\/dia-internacional-contra-a-lgbtfobia\/","title":{"rendered":"Dia Internacional contra a LGBTfobia"},"content":{"rendered":"<p><img fetchpriority=\"high\" decoding=\"async\" class=\"aligncenter wp-image-5631 size-large\" src=\"https:\/\/web.ifac.edu.br\/reitora\/wp-content\/uploads\/sites\/30\/2022\/05\/1_Dia-Internacional-contra-a-LGBTfobia_CARD_-1024x1024.png\" alt=\"\" width=\"625\" height=\"625\" srcset=\"https:\/\/web.ifac.edu.br\/reitora\/wp-content\/uploads\/sites\/30\/2022\/05\/1_Dia-Internacional-contra-a-LGBTfobia_CARD_-1024x1024.png 1024w, https:\/\/web.ifac.edu.br\/reitora\/wp-content\/uploads\/sites\/30\/2022\/05\/1_Dia-Internacional-contra-a-LGBTfobia_CARD_-300x300.png 300w, https:\/\/web.ifac.edu.br\/reitora\/wp-content\/uploads\/sites\/30\/2022\/05\/1_Dia-Internacional-contra-a-LGBTfobia_CARD_-150x150.png 150w, https:\/\/web.ifac.edu.br\/reitora\/wp-content\/uploads\/sites\/30\/2022\/05\/1_Dia-Internacional-contra-a-LGBTfobia_CARD_-768x768.png 768w, https:\/\/web.ifac.edu.br\/reitora\/wp-content\/uploads\/sites\/30\/2022\/05\/1_Dia-Internacional-contra-a-LGBTfobia_CARD_-624x624.png 624w, https:\/\/web.ifac.edu.br\/reitora\/wp-content\/uploads\/sites\/30\/2022\/05\/1_Dia-Internacional-contra-a-LGBTfobia_CARD_.png 1490w\" sizes=\"(max-width: 625px) 100vw, 625px\" \/><\/p>\n<p>O preconceito mata.<\/p>\n<p>E essa responsabilidade \u00e9 de todos n\u00f3s!<\/p>\n<p>Diga N\u00c3O \u00e0 LGBTfobia!<\/p>\n<p>17 de maio \u2022 Dia Internacional contra a LGBTfobia<\/p>\n","protected":false},"excerpt":{"rendered":"<p>O preconceito mata. E essa responsabilidade \u00e9 de todos n\u00f3s! Diga N\u00c3O \u00e0 LGBTfobia! 17 de maio \u2022 Dia Internacional contra a LGBTfobia<\/p>\n","protected":false},"author":27,"featured_media":0,"comment_status":"closed","ping_status":"open","sticky":false,"template":"","format":"standard","meta":{"footnotes":""},"categories":[2],"tags":[],"class_list":["post-5630","post","type-post","status-publish","format-standard","hentry","category-noticias"],"_links":{"self":[{"href":"https:\/\/web.ifac.edu.br\/reitora\/wp-json\/wp\/v2\/posts\/5630","targetHints":{"allow":["GET"]}}],"collection":[{"href":"https:\/\/web.ifac.edu.br\/reitora\/wp-json\/wp\/v2\/posts"}],"about":[{"href":"https:\/\/web.ifac.edu.br\/reitora\/wp-json\/wp\/v2\/types\/post"}],"author":[{"embeddable":true,"href":"https:\/\/web.ifac.edu.br\/reitora\/wp-json\/wp\/v2\/users\/27"}],"replies":[{"embeddable":true,"href":"https:\/\/web.ifac.edu.br\/reitora\/wp-json\/wp\/v2\/comments?post=5630"}],"version-history":[{"count":0,"href":"https:\/\/web.ifac.edu.br\/reitora\/wp-json\/wp\/v2\/posts\/5630\/revisions"}],"wp:attachment":[{"href":"https:\/\/web.ifac.edu.br\/reitora\/wp-json\/wp\/v2\/media?parent=5630"}],"wp:term":[{"taxonomy":"category","embeddable":true,"href":"https:\/\/web.ifac.edu.br\/reitora\/wp-json\/wp\/v2\/categories?post=5630"},{"taxonomy":"post_tag","embeddable":true,"href":"https:\/\/web.ifac.edu.br\/reitora\/wp-json\/wp\/v2\/tags?post=5630"}],"curies":[{"name":"wp","href":"https:\/\/api.w.org\/{rel}","templated":true}]}}