{"id":5626,"date":"2022-04-29T14:02:49","date_gmt":"2022-04-29T17:02:49","guid":{"rendered":"https:\/\/web.ifac.edu.br\/reitora\/?p=5626"},"modified":"2022-04-29T14:02:49","modified_gmt":"2022-04-29T17:02:49","slug":"dia-do-trabalhador","status":"publish","type":"post","link":"https:\/\/web.ifac.edu.br\/reitora\/2022\/04\/29\/dia-do-trabalhador\/","title":{"rendered":"Dia do Trabalhador"},"content":{"rendered":"<p><img fetchpriority=\"high\" decoding=\"async\" class=\"aligncenter wp-image-5627 size-large\" src=\"https:\/\/web.ifac.edu.br\/reitora\/wp-content\/uploads\/sites\/30\/2022\/04\/01_1_card_dia_do_trabalhador_-1024x1024.png\" alt=\"\" width=\"625\" height=\"625\" srcset=\"https:\/\/web.ifac.edu.br\/reitora\/wp-content\/uploads\/sites\/30\/2022\/04\/01_1_card_dia_do_trabalhador_-1024x1024.png 1024w, https:\/\/web.ifac.edu.br\/reitora\/wp-content\/uploads\/sites\/30\/2022\/04\/01_1_card_dia_do_trabalhador_-300x300.png 300w, https:\/\/web.ifac.edu.br\/reitora\/wp-content\/uploads\/sites\/30\/2022\/04\/01_1_card_dia_do_trabalhador_-150x150.png 150w, https:\/\/web.ifac.edu.br\/reitora\/wp-content\/uploads\/sites\/30\/2022\/04\/01_1_card_dia_do_trabalhador_-768x769.png 768w, https:\/\/web.ifac.edu.br\/reitora\/wp-content\/uploads\/sites\/30\/2022\/04\/01_1_card_dia_do_trabalhador_-624x624.png 624w, https:\/\/web.ifac.edu.br\/reitora\/wp-content\/uploads\/sites\/30\/2022\/04\/01_1_card_dia_do_trabalhador_.png 1360w\" sizes=\"(max-width: 625px) 100vw, 625px\" \/><\/p>\n<p>Pela valoriza\u00e7\u00e3o dos trabalhadores, pe\u00e7a fundamental da sociedade.<\/p>\n<p>Dia do Trabalhador &#8211; 1\u00ba de maio<\/p>\n","protected":false},"excerpt":{"rendered":"<p>Pela valoriza\u00e7\u00e3o dos trabalhadores, pe\u00e7a fundamental da sociedade. Dia do Trabalhador &#8211; 1\u00ba de maio<\/p>\n","protected":false},"author":27,"featured_media":0,"comment_status":"closed","ping_status":"open","sticky":false,"template":"","format":"standard","meta":{"footnotes":""},"categories":[2],"tags":[],"class_list":["post-5626","post","type-post","status-publish","format-standard","hentry","category-noticias"],"_links":{"self":[{"href":"https:\/\/web.ifac.edu.br\/reitora\/wp-json\/wp\/v2\/posts\/5626","targetHints":{"allow":["GET"]}}],"collection":[{"href":"https:\/\/web.ifac.edu.br\/reitora\/wp-json\/wp\/v2\/posts"}],"about":[{"href":"https:\/\/web.ifac.edu.br\/reitora\/wp-json\/wp\/v2\/types\/post"}],"author":[{"embeddable":true,"href":"https:\/\/web.ifac.edu.br\/reitora\/wp-json\/wp\/v2\/users\/27"}],"replies":[{"embeddable":true,"href":"https:\/\/web.ifac.edu.br\/reitora\/wp-json\/wp\/v2\/comments?post=5626"}],"version-history":[{"count":0,"href":"https:\/\/web.ifac.edu.br\/reitora\/wp-json\/wp\/v2\/posts\/5626\/revisions"}],"wp:attachment":[{"href":"https:\/\/web.ifac.edu.br\/reitora\/wp-json\/wp\/v2\/media?parent=5626"}],"wp:term":[{"taxonomy":"category","embeddable":true,"href":"https:\/\/web.ifac.edu.br\/reitora\/wp-json\/wp\/v2\/categories?post=5626"},{"taxonomy":"post_tag","embeddable":true,"href":"https:\/\/web.ifac.edu.br\/reitora\/wp-json\/wp\/v2\/tags?post=5626"}],"curies":[{"name":"wp","href":"https:\/\/api.w.org\/{rel}","templated":true}]}}