{"id":5442,"date":"2021-09-29T22:52:51","date_gmt":"2021-09-30T01:52:51","guid":{"rendered":"https:\/\/web.ifac.edu.br\/reitora\/?p=5442"},"modified":"2021-09-29T22:52:51","modified_gmt":"2021-09-30T01:52:51","slug":"lancamento-da-capsula-do-tempo-da-reitoria-e-entrega-da-3a-fase-das-obras-do-campus-baixada-do-sol","status":"publish","type":"post","link":"https:\/\/web.ifac.edu.br\/reitora\/2021\/09\/29\/lancamento-da-capsula-do-tempo-da-reitoria-e-entrega-da-3a-fase-das-obras-do-campus-baixada-do-sol\/","title":{"rendered":"Lan\u00e7amento da C\u00e1psula do Tempo da Reitoria e entrega da 3\u00aa fase das obras do campus Baixada do Sol"},"content":{"rendered":"<p><img fetchpriority=\"high\" decoding=\"async\" class=\"aligncenter wp-image-5450 size-large\" src=\"https:\/\/web.ifac.edu.br\/reitora\/wp-content\/uploads\/sites\/30\/2021\/09\/WhatsApp-Image-2021-09-29-at-20.31.02-1024x682.jpeg\" alt=\"\" width=\"625\" height=\"416\" srcset=\"https:\/\/web.ifac.edu.br\/reitora\/wp-content\/uploads\/sites\/30\/2021\/09\/WhatsApp-Image-2021-09-29-at-20.31.02-1024x682.jpeg 1024w, https:\/\/web.ifac.edu.br\/reitora\/wp-content\/uploads\/sites\/30\/2021\/09\/WhatsApp-Image-2021-09-29-at-20.31.02-300x200.jpeg 300w, https:\/\/web.ifac.edu.br\/reitora\/wp-content\/uploads\/sites\/30\/2021\/09\/WhatsApp-Image-2021-09-29-at-20.31.02-768x512.jpeg 768w, https:\/\/web.ifac.edu.br\/reitora\/wp-content\/uploads\/sites\/30\/2021\/09\/WhatsApp-Image-2021-09-29-at-20.31.02-624x416.jpeg 624w, https:\/\/web.ifac.edu.br\/reitora\/wp-content\/uploads\/sites\/30\/2021\/09\/WhatsApp-Image-2021-09-29-at-20.31.02.jpeg 1280w\" sizes=\"(max-width: 625px) 100vw, 625px\" \/><\/p>\n<p>Hoje (29.09) foi um dia bastante significativo para o Ifac.<\/p>\n<p>Junto com o ministro da Educa\u00e7\u00e3o (MEC), Milton Ribeiro, o Senador Petec\u00e3o, a senadora Mailza Gomes e a presidente do Tribunal de Justi\u00e7a do Estado do Acre, desembargadora Waldirene Cordeiro, foi realizada a entrega da 3\u00aa fase da obra do campus Baixada do Sol e o lan\u00e7amento da C\u00e1psula do Tempo da Reitoria do Ifac, com o plantio de um p\u00e9 de ip\u00ea rosa.<\/p>\n<p><img decoding=\"async\" class=\"alignnone size-medium wp-image-5453\" src=\"https:\/\/web.ifac.edu.br\/reitora\/wp-content\/uploads\/sites\/30\/2021\/09\/WhatsApp-Image-2021-09-29-at-20.31.00-1-300x200.jpeg\" alt=\"\" width=\"300\" height=\"200\" srcset=\"https:\/\/web.ifac.edu.br\/reitora\/wp-content\/uploads\/sites\/30\/2021\/09\/WhatsApp-Image-2021-09-29-at-20.31.00-1-300x200.jpeg 300w, https:\/\/web.ifac.edu.br\/reitora\/wp-content\/uploads\/sites\/30\/2021\/09\/WhatsApp-Image-2021-09-29-at-20.31.00-1-1024x682.jpeg 1024w, https:\/\/web.ifac.edu.br\/reitora\/wp-content\/uploads\/sites\/30\/2021\/09\/WhatsApp-Image-2021-09-29-at-20.31.00-1-768x512.jpeg 768w, https:\/\/web.ifac.edu.br\/reitora\/wp-content\/uploads\/sites\/30\/2021\/09\/WhatsApp-Image-2021-09-29-at-20.31.00-1-624x416.jpeg 624w, https:\/\/web.ifac.edu.br\/reitora\/wp-content\/uploads\/sites\/30\/2021\/09\/WhatsApp-Image-2021-09-29-at-20.31.00-1.jpeg 1280w\" sizes=\"(max-width: 300px) 100vw, 300px\" \/> <img decoding=\"async\" class=\"alignnone size-medium wp-image-5446\" src=\"https:\/\/web.ifac.edu.br\/reitora\/wp-content\/uploads\/sites\/30\/2021\/09\/WhatsApp-Image-2021-09-29-at-20.31.03-1-300x200.jpeg\" alt=\"\" width=\"300\" height=\"200\" srcset=\"https:\/\/web.ifac.edu.br\/reitora\/wp-content\/uploads\/sites\/30\/2021\/09\/WhatsApp-Image-2021-09-29-at-20.31.03-1-300x200.jpeg 300w, https:\/\/web.ifac.edu.br\/reitora\/wp-content\/uploads\/sites\/30\/2021\/09\/WhatsApp-Image-2021-09-29-at-20.31.03-1-1024x682.jpeg 1024w, https:\/\/web.ifac.edu.br\/reitora\/wp-content\/uploads\/sites\/30\/2021\/09\/WhatsApp-Image-2021-09-29-at-20.31.03-1-768x512.jpeg 768w, https:\/\/web.ifac.edu.br\/reitora\/wp-content\/uploads\/sites\/30\/2021\/09\/WhatsApp-Image-2021-09-29-at-20.31.03-1-624x416.jpeg 624w, https:\/\/web.ifac.edu.br\/reitora\/wp-content\/uploads\/sites\/30\/2021\/09\/WhatsApp-Image-2021-09-29-at-20.31.03-1.jpeg 1280w\" sizes=\"(max-width: 300px) 100vw, 300px\" \/><\/p>\n<p>O evento, que contou ainda com a presen\u00e7a dos nossos diretores, pr\u00f3-reitores, docentes, t\u00e9cnicos administrativos e in\u00fameros profissionais que seguem atuando nas obras do Ifac, \u00e9 reflexo de um trabalho coletivo, que est\u00e1 sendo registrado na hist\u00f3ria da nossa institui\u00e7\u00e3o e da educa\u00e7\u00e3o acreana.<\/p>\n<p><img loading=\"lazy\" decoding=\"async\" class=\"alignnone size-medium wp-image-5448\" src=\"https:\/\/web.ifac.edu.br\/reitora\/wp-content\/uploads\/sites\/30\/2021\/09\/WhatsApp-Image-2021-09-29-at-20.31.02-2-300x200.jpeg\" alt=\"\" width=\"300\" height=\"200\" srcset=\"https:\/\/web.ifac.edu.br\/reitora\/wp-content\/uploads\/sites\/30\/2021\/09\/WhatsApp-Image-2021-09-29-at-20.31.02-2-300x200.jpeg 300w, https:\/\/web.ifac.edu.br\/reitora\/wp-content\/uploads\/sites\/30\/2021\/09\/WhatsApp-Image-2021-09-29-at-20.31.02-2-1024x682.jpeg 1024w, https:\/\/web.ifac.edu.br\/reitora\/wp-content\/uploads\/sites\/30\/2021\/09\/WhatsApp-Image-2021-09-29-at-20.31.02-2-768x512.jpeg 768w, https:\/\/web.ifac.edu.br\/reitora\/wp-content\/uploads\/sites\/30\/2021\/09\/WhatsApp-Image-2021-09-29-at-20.31.02-2-624x416.jpeg 624w, https:\/\/web.ifac.edu.br\/reitora\/wp-content\/uploads\/sites\/30\/2021\/09\/WhatsApp-Image-2021-09-29-at-20.31.02-2.jpeg 1280w\" sizes=\"(max-width: 300px) 100vw, 300px\" \/> <img loading=\"lazy\" decoding=\"async\" class=\"alignnone size-medium wp-image-5445\" src=\"https:\/\/web.ifac.edu.br\/reitora\/wp-content\/uploads\/sites\/30\/2021\/09\/WhatsApp-Image-2021-09-29-at-20.31.03-2-300x200.jpeg\" alt=\"\" width=\"300\" height=\"200\" srcset=\"https:\/\/web.ifac.edu.br\/reitora\/wp-content\/uploads\/sites\/30\/2021\/09\/WhatsApp-Image-2021-09-29-at-20.31.03-2-300x200.jpeg 300w, https:\/\/web.ifac.edu.br\/reitora\/wp-content\/uploads\/sites\/30\/2021\/09\/WhatsApp-Image-2021-09-29-at-20.31.03-2-1024x682.jpeg 1024w, https:\/\/web.ifac.edu.br\/reitora\/wp-content\/uploads\/sites\/30\/2021\/09\/WhatsApp-Image-2021-09-29-at-20.31.03-2-768x512.jpeg 768w, https:\/\/web.ifac.edu.br\/reitora\/wp-content\/uploads\/sites\/30\/2021\/09\/WhatsApp-Image-2021-09-29-at-20.31.03-2-624x416.jpeg 624w, https:\/\/web.ifac.edu.br\/reitora\/wp-content\/uploads\/sites\/30\/2021\/09\/WhatsApp-Image-2021-09-29-at-20.31.03-2.jpeg 1280w\" sizes=\"(max-width: 300px) 100vw, 300px\" \/><\/p>\n<p>Sou muito grata a todos que integraram esse momento e que tem contribu\u00eddo para que o Ifac continue avan\u00e7ando como uma institui\u00e7\u00e3o de educa\u00e7\u00e3o p\u00fablica, gratuita, de qualidade e inclusiva.<\/p>\n<p>Para saber mais sobre o evento, acesse: <a href=\"https:\/\/www.ifac.edu.br\/noticias\/2021\/setembro\/ministro-da-educacao-participa-do-lancamento-capsula-do-tempo-da-sede-do-ifac\" target=\"_blank\" rel=\"noopener\">https:\/\/www.ifac.edu.br\/noticias\/2021\/setembro\/ministro-da-educacao-participa-do-lancamento-capsula-do-tempo-da-sede-do-ifac<\/a>.<\/p>\n<p><img loading=\"lazy\" decoding=\"async\" class=\"alignnone size-medium wp-image-5444\" src=\"https:\/\/web.ifac.edu.br\/reitora\/wp-content\/uploads\/sites\/30\/2021\/09\/WhatsApp-Image-2021-09-29-at-20.31.03-3-300x300.jpeg\" alt=\"\" width=\"300\" height=\"300\" srcset=\"https:\/\/web.ifac.edu.br\/reitora\/wp-content\/uploads\/sites\/30\/2021\/09\/WhatsApp-Image-2021-09-29-at-20.31.03-3-300x300.jpeg 300w, https:\/\/web.ifac.edu.br\/reitora\/wp-content\/uploads\/sites\/30\/2021\/09\/WhatsApp-Image-2021-09-29-at-20.31.03-3-1024x1024.jpeg 1024w, https:\/\/web.ifac.edu.br\/reitora\/wp-content\/uploads\/sites\/30\/2021\/09\/WhatsApp-Image-2021-09-29-at-20.31.03-3-150x150.jpeg 150w, https:\/\/web.ifac.edu.br\/reitora\/wp-content\/uploads\/sites\/30\/2021\/09\/WhatsApp-Image-2021-09-29-at-20.31.03-3-768x768.jpeg 768w, https:\/\/web.ifac.edu.br\/reitora\/wp-content\/uploads\/sites\/30\/2021\/09\/WhatsApp-Image-2021-09-29-at-20.31.03-3-624x624.jpeg 624w, https:\/\/web.ifac.edu.br\/reitora\/wp-content\/uploads\/sites\/30\/2021\/09\/WhatsApp-Image-2021-09-29-at-20.31.03-3.jpeg 1280w\" sizes=\"(max-width: 300px) 100vw, 300px\" \/> <img loading=\"lazy\" decoding=\"async\" class=\"alignnone size-medium wp-image-5443\" src=\"https:\/\/web.ifac.edu.br\/reitora\/wp-content\/uploads\/sites\/30\/2021\/09\/WhatsApp-Image-2021-09-29-at-20.31.04-300x300.jpeg\" alt=\"\" width=\"300\" height=\"300\" srcset=\"https:\/\/web.ifac.edu.br\/reitora\/wp-content\/uploads\/sites\/30\/2021\/09\/WhatsApp-Image-2021-09-29-at-20.31.04-300x300.jpeg 300w, https:\/\/web.ifac.edu.br\/reitora\/wp-content\/uploads\/sites\/30\/2021\/09\/WhatsApp-Image-2021-09-29-at-20.31.04-1024x1024.jpeg 1024w, https:\/\/web.ifac.edu.br\/reitora\/wp-content\/uploads\/sites\/30\/2021\/09\/WhatsApp-Image-2021-09-29-at-20.31.04-150x150.jpeg 150w, https:\/\/web.ifac.edu.br\/reitora\/wp-content\/uploads\/sites\/30\/2021\/09\/WhatsApp-Image-2021-09-29-at-20.31.04-768x768.jpeg 768w, https:\/\/web.ifac.edu.br\/reitora\/wp-content\/uploads\/sites\/30\/2021\/09\/WhatsApp-Image-2021-09-29-at-20.31.04-624x624.jpeg 624w, https:\/\/web.ifac.edu.br\/reitora\/wp-content\/uploads\/sites\/30\/2021\/09\/WhatsApp-Image-2021-09-29-at-20.31.04.jpeg 1280w\" sizes=\"(max-width: 300px) 100vw, 300px\" \/><\/p>\n","protected":false},"excerpt":{"rendered":"<p>Hoje (29.09) foi um dia bastante significativo para o Ifac. Junto com o ministro da Educa\u00e7\u00e3o (MEC), Milton Ribeiro, o Senador Petec\u00e3o, a senadora Mailza Gomes e a presidente do Tribunal de Justi\u00e7a do Estado do Acre, desembargadora Waldirene Cordeiro, foi realizada a entrega da 3\u00aa fase da obra do campus Baixada do Sol e [&hellip;]<\/p>\n","protected":false},"author":27,"featured_media":0,"comment_status":"closed","ping_status":"open","sticky":false,"template":"","format":"standard","meta":{"footnotes":""},"categories":[2],"tags":[],"class_list":["post-5442","post","type-post","status-publish","format-standard","hentry","category-noticias"],"_links":{"self":[{"href":"https:\/\/web.ifac.edu.br\/reitora\/wp-json\/wp\/v2\/posts\/5442","targetHints":{"allow":["GET"]}}],"collection":[{"href":"https:\/\/web.ifac.edu.br\/reitora\/wp-json\/wp\/v2\/posts"}],"about":[{"href":"https:\/\/web.ifac.edu.br\/reitora\/wp-json\/wp\/v2\/types\/post"}],"author":[{"embeddable":true,"href":"https:\/\/web.ifac.edu.br\/reitora\/wp-json\/wp\/v2\/users\/27"}],"replies":[{"embeddable":true,"href":"https:\/\/web.ifac.edu.br\/reitora\/wp-json\/wp\/v2\/comments?post=5442"}],"version-history":[{"count":0,"href":"https:\/\/web.ifac.edu.br\/reitora\/wp-json\/wp\/v2\/posts\/5442\/revisions"}],"wp:attachment":[{"href":"https:\/\/web.ifac.edu.br\/reitora\/wp-json\/wp\/v2\/media?parent=5442"}],"wp:term":[{"taxonomy":"category","embeddable":true,"href":"https:\/\/web.ifac.edu.br\/reitora\/wp-json\/wp\/v2\/categories?post=5442"},{"taxonomy":"post_tag","embeddable":true,"href":"https:\/\/web.ifac.edu.br\/reitora\/wp-json\/wp\/v2\/tags?post=5442"}],"curies":[{"name":"wp","href":"https:\/\/api.w.org\/{rel}","templated":true}]}}