{"id":5394,"date":"2021-08-11T10:07:30","date_gmt":"2021-08-11T13:07:30","guid":{"rendered":"https:\/\/web.ifac.edu.br\/reitora\/?p=5394"},"modified":"2021-08-11T10:07:30","modified_gmt":"2021-08-11T13:07:30","slug":"dia-do-estudante","status":"publish","type":"post","link":"https:\/\/web.ifac.edu.br\/reitora\/2021\/08\/11\/dia-do-estudante\/","title":{"rendered":"Dia do Estudante"},"content":{"rendered":"<p><img fetchpriority=\"high\" decoding=\"async\" class=\"aligncenter wp-image-5395 size-large\" src=\"https:\/\/web.ifac.edu.br\/reitora\/wp-content\/uploads\/sites\/30\/2021\/08\/IMG-20210811-WA0005-1024x1024.jpg\" alt=\"\" width=\"625\" height=\"625\" srcset=\"https:\/\/web.ifac.edu.br\/reitora\/wp-content\/uploads\/sites\/30\/2021\/08\/IMG-20210811-WA0005-1024x1024.jpg 1024w, https:\/\/web.ifac.edu.br\/reitora\/wp-content\/uploads\/sites\/30\/2021\/08\/IMG-20210811-WA0005-300x300.jpg 300w, https:\/\/web.ifac.edu.br\/reitora\/wp-content\/uploads\/sites\/30\/2021\/08\/IMG-20210811-WA0005-150x150.jpg 150w, https:\/\/web.ifac.edu.br\/reitora\/wp-content\/uploads\/sites\/30\/2021\/08\/IMG-20210811-WA0005-768x768.jpg 768w, https:\/\/web.ifac.edu.br\/reitora\/wp-content\/uploads\/sites\/30\/2021\/08\/IMG-20210811-WA0005-624x624.jpg 624w, https:\/\/web.ifac.edu.br\/reitora\/wp-content\/uploads\/sites\/30\/2021\/08\/IMG-20210811-WA0005.jpg 1280w\" sizes=\"(max-width: 625px) 100vw, 625px\" \/><\/p>\n<p>Voc\u00eas s\u00e3o a raz\u00e3o do nosso Instituto existir!<\/p>\n<p>Somos n\u00f3s muito gratos a todos que escolheram o Ifac como institui\u00e7\u00e3o de ensino.<\/p>\n<p>Por isso, nesse dia, quero desejar muito sucesso a todos, nessa jornada di\u00e1ria que \u00e9 o aprender!<\/p>\n<p>#DiaDoEstudante #RedeFederal #11deagosto<\/p>\n","protected":false},"excerpt":{"rendered":"<p>Voc\u00eas s\u00e3o a raz\u00e3o do nosso Instituto existir! Somos n\u00f3s muito gratos a todos que escolheram o Ifac como institui\u00e7\u00e3o de ensino. Por isso, nesse dia, quero desejar muito sucesso a todos, nessa jornada di\u00e1ria que \u00e9 o aprender! #DiaDoEstudante #RedeFederal #11deagosto<\/p>\n","protected":false},"author":27,"featured_media":0,"comment_status":"closed","ping_status":"open","sticky":false,"template":"","format":"standard","meta":{"footnotes":""},"categories":[2],"tags":[],"class_list":["post-5394","post","type-post","status-publish","format-standard","hentry","category-noticias"],"_links":{"self":[{"href":"https:\/\/web.ifac.edu.br\/reitora\/wp-json\/wp\/v2\/posts\/5394","targetHints":{"allow":["GET"]}}],"collection":[{"href":"https:\/\/web.ifac.edu.br\/reitora\/wp-json\/wp\/v2\/posts"}],"about":[{"href":"https:\/\/web.ifac.edu.br\/reitora\/wp-json\/wp\/v2\/types\/post"}],"author":[{"embeddable":true,"href":"https:\/\/web.ifac.edu.br\/reitora\/wp-json\/wp\/v2\/users\/27"}],"replies":[{"embeddable":true,"href":"https:\/\/web.ifac.edu.br\/reitora\/wp-json\/wp\/v2\/comments?post=5394"}],"version-history":[{"count":0,"href":"https:\/\/web.ifac.edu.br\/reitora\/wp-json\/wp\/v2\/posts\/5394\/revisions"}],"wp:attachment":[{"href":"https:\/\/web.ifac.edu.br\/reitora\/wp-json\/wp\/v2\/media?parent=5394"}],"wp:term":[{"taxonomy":"category","embeddable":true,"href":"https:\/\/web.ifac.edu.br\/reitora\/wp-json\/wp\/v2\/categories?post=5394"},{"taxonomy":"post_tag","embeddable":true,"href":"https:\/\/web.ifac.edu.br\/reitora\/wp-json\/wp\/v2\/tags?post=5394"}],"curies":[{"name":"wp","href":"https:\/\/api.w.org\/{rel}","templated":true}]}}