{"id":5239,"date":"2021-04-19T06:01:27","date_gmt":"2021-04-19T09:01:27","guid":{"rendered":"https:\/\/web.ifac.edu.br\/reitora\/?p=5239"},"modified":"2021-04-19T10:00:56","modified_gmt":"2021-04-19T13:00:56","slug":"19-de-abril-dia-do-indio","status":"publish","type":"post","link":"https:\/\/web.ifac.edu.br\/reitora\/2021\/04\/19\/19-de-abril-dia-do-indio\/","title":{"rendered":"19 de abril: Dia do \u00cdndio"},"content":{"rendered":"<p><img fetchpriority=\"high\" decoding=\"async\" class=\"wp-image-5240 size-full aligncenter\" src=\"https:\/\/web.ifac.edu.br\/reitora\/wp-content\/uploads\/sites\/30\/2021\/04\/unnamed1.png\" alt=\"\" width=\"750\" height=\"750\" srcset=\"https:\/\/web.ifac.edu.br\/reitora\/wp-content\/uploads\/sites\/30\/2021\/04\/unnamed1.png 750w, https:\/\/web.ifac.edu.br\/reitora\/wp-content\/uploads\/sites\/30\/2021\/04\/unnamed1-300x300.png 300w, https:\/\/web.ifac.edu.br\/reitora\/wp-content\/uploads\/sites\/30\/2021\/04\/unnamed1-150x150.png 150w, https:\/\/web.ifac.edu.br\/reitora\/wp-content\/uploads\/sites\/30\/2021\/04\/unnamed1-624x624.png 624w\" sizes=\"(max-width: 750px) 100vw, 750px\" \/>Nossa arte, nossa cultura, nosso modo de viver, tudo isso foi herdado dos nossos ancestrais. Todo respeito e reconhecimento aos povos ind\u00edgenas.<\/p>\n<p>#Diado\u00cdndio #ifac #acre #redefederal #educa\u00e7\u00e3o #19deabril<\/p>\n","protected":false},"excerpt":{"rendered":"<p>Nossa arte, nossa cultura, nosso modo de viver, tudo isso foi herdado dos nossos ancestrais. Todo respeito e reconhecimento aos povos ind\u00edgenas. #Diado\u00cdndio #ifac #acre #redefederal #educa\u00e7\u00e3o #19deabril<\/p>\n","protected":false},"author":27,"featured_media":0,"comment_status":"closed","ping_status":"open","sticky":false,"template":"","format":"standard","meta":{"footnotes":""},"categories":[2],"tags":[],"class_list":["post-5239","post","type-post","status-publish","format-standard","hentry","category-noticias"],"_links":{"self":[{"href":"https:\/\/web.ifac.edu.br\/reitora\/wp-json\/wp\/v2\/posts\/5239","targetHints":{"allow":["GET"]}}],"collection":[{"href":"https:\/\/web.ifac.edu.br\/reitora\/wp-json\/wp\/v2\/posts"}],"about":[{"href":"https:\/\/web.ifac.edu.br\/reitora\/wp-json\/wp\/v2\/types\/post"}],"author":[{"embeddable":true,"href":"https:\/\/web.ifac.edu.br\/reitora\/wp-json\/wp\/v2\/users\/27"}],"replies":[{"embeddable":true,"href":"https:\/\/web.ifac.edu.br\/reitora\/wp-json\/wp\/v2\/comments?post=5239"}],"version-history":[{"count":0,"href":"https:\/\/web.ifac.edu.br\/reitora\/wp-json\/wp\/v2\/posts\/5239\/revisions"}],"wp:attachment":[{"href":"https:\/\/web.ifac.edu.br\/reitora\/wp-json\/wp\/v2\/media?parent=5239"}],"wp:term":[{"taxonomy":"category","embeddable":true,"href":"https:\/\/web.ifac.edu.br\/reitora\/wp-json\/wp\/v2\/categories?post=5239"},{"taxonomy":"post_tag","embeddable":true,"href":"https:\/\/web.ifac.edu.br\/reitora\/wp-json\/wp\/v2\/tags?post=5239"}],"curies":[{"name":"wp","href":"https:\/\/api.w.org\/{rel}","templated":true}]}}