{"id":5225,"date":"2021-03-30T19:22:22","date_gmt":"2021-03-30T22:22:22","guid":{"rendered":"https:\/\/web.ifac.edu.br\/reitora\/?p=5225"},"modified":"2021-03-30T19:22:22","modified_gmt":"2021-03-30T22:22:22","slug":"planos-de-saude-para-servidores-do-ifac","status":"publish","type":"post","link":"https:\/\/web.ifac.edu.br\/reitora\/2021\/03\/30\/planos-de-saude-para-servidores-do-ifac\/","title":{"rendered":"Planos de sa\u00fade para servidores do Ifac"},"content":{"rendered":"<p><img fetchpriority=\"high\" decoding=\"async\" class=\"size-medium wp-image-5226 aligncenter\" src=\"https:\/\/web.ifac.edu.br\/reitora\/wp-content\/uploads\/sites\/30\/2021\/03\/IMG_20210330_171545_572-300x300.jpg\" alt=\"\" width=\"300\" height=\"300\" srcset=\"https:\/\/web.ifac.edu.br\/reitora\/wp-content\/uploads\/sites\/30\/2021\/03\/IMG_20210330_171545_572-300x300.jpg 300w, https:\/\/web.ifac.edu.br\/reitora\/wp-content\/uploads\/sites\/30\/2021\/03\/IMG_20210330_171545_572-1024x1024.jpg 1024w, https:\/\/web.ifac.edu.br\/reitora\/wp-content\/uploads\/sites\/30\/2021\/03\/IMG_20210330_171545_572-150x150.jpg 150w, https:\/\/web.ifac.edu.br\/reitora\/wp-content\/uploads\/sites\/30\/2021\/03\/IMG_20210330_171545_572-768x768.jpg 768w, https:\/\/web.ifac.edu.br\/reitora\/wp-content\/uploads\/sites\/30\/2021\/03\/IMG_20210330_171545_572-624x624.jpg 624w, https:\/\/web.ifac.edu.br\/reitora\/wp-content\/uploads\/sites\/30\/2021\/03\/IMG_20210330_171545_572.jpg 1280w\" sizes=\"(max-width: 300px) 100vw, 300px\" \/><\/p>\n<p>O Ifac renovou o contrato com a empresa Qualicorp e tamb\u00e9m ampliou o rol de parcerias com mais quatro novas administradoras de planos de sa\u00fade. A partir do dia 08 de abril, os servidores do Instituto Federal do Acre v\u00e3o poder contratar planos de sa\u00fade.<\/p>\n<p>A parceria do Ifac com as novas empresas \u00e9 resultado de um trabalho conjunto desenvolvido pela atual gest\u00e3o e a Diretoria Sist\u00eamica de Gest\u00e3o de Pessoa (Disgp). Para saber mais informa\u00e7\u00f5es sobre os planos de sa\u00fade dispon\u00edveis e contato das empresas, acesse www.ifac.edu.br.<\/p>\n","protected":false},"excerpt":{"rendered":"<p>O Ifac renovou o contrato com a empresa Qualicorp e tamb\u00e9m ampliou o rol de parcerias com mais quatro novas administradoras de planos de sa\u00fade. A partir do dia 08 de abril, os servidores do Instituto Federal do Acre v\u00e3o poder contratar planos de sa\u00fade. A parceria do Ifac com as novas empresas \u00e9 resultado [&hellip;]<\/p>\n","protected":false},"author":27,"featured_media":0,"comment_status":"closed","ping_status":"open","sticky":false,"template":"","format":"standard","meta":{"footnotes":""},"categories":[2],"tags":[],"class_list":["post-5225","post","type-post","status-publish","format-standard","hentry","category-noticias"],"_links":{"self":[{"href":"https:\/\/web.ifac.edu.br\/reitora\/wp-json\/wp\/v2\/posts\/5225","targetHints":{"allow":["GET"]}}],"collection":[{"href":"https:\/\/web.ifac.edu.br\/reitora\/wp-json\/wp\/v2\/posts"}],"about":[{"href":"https:\/\/web.ifac.edu.br\/reitora\/wp-json\/wp\/v2\/types\/post"}],"author":[{"embeddable":true,"href":"https:\/\/web.ifac.edu.br\/reitora\/wp-json\/wp\/v2\/users\/27"}],"replies":[{"embeddable":true,"href":"https:\/\/web.ifac.edu.br\/reitora\/wp-json\/wp\/v2\/comments?post=5225"}],"version-history":[{"count":0,"href":"https:\/\/web.ifac.edu.br\/reitora\/wp-json\/wp\/v2\/posts\/5225\/revisions"}],"wp:attachment":[{"href":"https:\/\/web.ifac.edu.br\/reitora\/wp-json\/wp\/v2\/media?parent=5225"}],"wp:term":[{"taxonomy":"category","embeddable":true,"href":"https:\/\/web.ifac.edu.br\/reitora\/wp-json\/wp\/v2\/categories?post=5225"},{"taxonomy":"post_tag","embeddable":true,"href":"https:\/\/web.ifac.edu.br\/reitora\/wp-json\/wp\/v2\/tags?post=5225"}],"curies":[{"name":"wp","href":"https:\/\/api.w.org\/{rel}","templated":true}]}}