{"id":5210,"date":"2021-03-18T15:51:47","date_gmt":"2021-03-18T18:51:47","guid":{"rendered":"https:\/\/web.ifac.edu.br\/reitora\/?p=5210"},"modified":"2021-03-18T15:51:47","modified_gmt":"2021-03-18T18:51:47","slug":"live-com-gremio-estudantil-do-campus-rio-branco-2","status":"publish","type":"post","link":"https:\/\/web.ifac.edu.br\/reitora\/2021\/03\/18\/live-com-gremio-estudantil-do-campus-rio-branco-2\/","title":{"rendered":"Live com Gr\u00eamio Estudantil do campus Rio Branco"},"content":{"rendered":"<p><img fetchpriority=\"high\" decoding=\"async\" class=\"aligncenter wp-image-5211 size-full\" src=\"https:\/\/web.ifac.edu.br\/reitora\/wp-content\/uploads\/sites\/30\/2021\/03\/live_gremio.png\" alt=\"\" width=\"650\" height=\"460\" srcset=\"https:\/\/web.ifac.edu.br\/reitora\/wp-content\/uploads\/sites\/30\/2021\/03\/live_gremio.png 650w, https:\/\/web.ifac.edu.br\/reitora\/wp-content\/uploads\/sites\/30\/2021\/03\/live_gremio-300x212.png 300w, https:\/\/web.ifac.edu.br\/reitora\/wp-content\/uploads\/sites\/30\/2021\/03\/live_gremio-624x442.png 624w\" sizes=\"(max-width: 650px) 100vw, 650px\" \/><\/p>\n<p>\u00c9 sempre muito bom conversar com nossos estudantes. E nessa quarta-feira (17.03) foi a vez de participar da live &#8220;Cortes no Ensino T\u00e9cnico: Como isso me afeta?&#8221;, realizada pelo Gr\u00eamio Estudantil do campus Rio Branco. A transmiss\u00e3o ao vivo aconteceu nessa quarta-feira (17.03), no Instagram. O evento contou com a apresenta\u00e7\u00e3o do discente e secret\u00e1rio do Gr\u00eamio Estudantil, Andreilson Ferreira.<\/p>\n<p>Durante a transmiss\u00e3o conversamos sobre o hist\u00f3rico or\u00e7ament\u00e1rio da institui\u00e7\u00e3o e como os cortes financeiros ocorreram ao logo dos \u00faltimos anos. Al\u00e9m disso, tamb\u00e9m falei sobre a redu\u00e7\u00e3o em nossos recursos financeiros e como isso acaba afetando as atividades de ensino, pesquisa e extens\u00e3o. Outro ponto refor\u00e7ado durante a live foi a manuten\u00e7\u00e3o e prioriza\u00e7\u00e3o das a\u00e7\u00f5es estudantis em minha gest\u00e3o, mesmo nos cen\u00e1rios envolvendo cortes de recurso.<\/p>\n<p>A live com o Gr\u00eamio Estudantil do campus Rio Branco integrou o Dia Nacional de Luta em Defesa do Ensino T\u00e9cnico. Quem quiser conferir o nosso bate-papo, basta acessar o link: <strong><a href=\"https:\/\/www.instagram.com\/tv\/CMifEVWAYRQ\/?igshid=1bzuosmf89f3\" target=\"_blank\" rel=\"noopener\">https:\/\/www.instagram.com\/tv\/CMifEVWAYRQ\/?igshid=1bzuosmf89f3<\/a><\/strong>.<\/p>\n","protected":false},"excerpt":{"rendered":"<p>\u00c9 sempre muito bom conversar com nossos estudantes. E nessa quarta-feira (17.03) foi a vez de participar da live &#8220;Cortes no Ensino T\u00e9cnico: Como isso me afeta?&#8221;, realizada pelo Gr\u00eamio Estudantil do campus Rio Branco. A transmiss\u00e3o ao vivo aconteceu nessa quarta-feira (17.03), no Instagram. O evento contou com a apresenta\u00e7\u00e3o do discente e secret\u00e1rio [&hellip;]<\/p>\n","protected":false},"author":27,"featured_media":0,"comment_status":"closed","ping_status":"open","sticky":false,"template":"","format":"standard","meta":{"footnotes":""},"categories":[2],"tags":[],"class_list":["post-5210","post","type-post","status-publish","format-standard","hentry","category-noticias"],"_links":{"self":[{"href":"https:\/\/web.ifac.edu.br\/reitora\/wp-json\/wp\/v2\/posts\/5210","targetHints":{"allow":["GET"]}}],"collection":[{"href":"https:\/\/web.ifac.edu.br\/reitora\/wp-json\/wp\/v2\/posts"}],"about":[{"href":"https:\/\/web.ifac.edu.br\/reitora\/wp-json\/wp\/v2\/types\/post"}],"author":[{"embeddable":true,"href":"https:\/\/web.ifac.edu.br\/reitora\/wp-json\/wp\/v2\/users\/27"}],"replies":[{"embeddable":true,"href":"https:\/\/web.ifac.edu.br\/reitora\/wp-json\/wp\/v2\/comments?post=5210"}],"version-history":[{"count":0,"href":"https:\/\/web.ifac.edu.br\/reitora\/wp-json\/wp\/v2\/posts\/5210\/revisions"}],"wp:attachment":[{"href":"https:\/\/web.ifac.edu.br\/reitora\/wp-json\/wp\/v2\/media?parent=5210"}],"wp:term":[{"taxonomy":"category","embeddable":true,"href":"https:\/\/web.ifac.edu.br\/reitora\/wp-json\/wp\/v2\/categories?post=5210"},{"taxonomy":"post_tag","embeddable":true,"href":"https:\/\/web.ifac.edu.br\/reitora\/wp-json\/wp\/v2\/tags?post=5210"}],"curies":[{"name":"wp","href":"https:\/\/api.w.org\/{rel}","templated":true}]}}