{"id":5207,"date":"2021-03-17T12:24:24","date_gmt":"2021-03-17T15:24:24","guid":{"rendered":"https:\/\/web.ifac.edu.br\/reitora\/?p=5207"},"modified":"2021-03-17T12:24:24","modified_gmt":"2021-03-17T15:24:24","slug":"live-com-gremio-estudantil-do-campus-rio-branco","status":"publish","type":"post","link":"https:\/\/web.ifac.edu.br\/reitora\/2021\/03\/17\/live-com-gremio-estudantil-do-campus-rio-branco\/","title":{"rendered":"Live com Gr\u00eamio Estudantil do campus Rio Branco"},"content":{"rendered":"<p><img fetchpriority=\"high\" decoding=\"async\" class=\"aligncenter wp-image-5208 size-large\" src=\"https:\/\/web.ifac.edu.br\/reitora\/wp-content\/uploads\/sites\/30\/2021\/03\/WhatsApp-Image-2021-03-17-at-09.40.05-1024x1024.jpeg\" alt=\"\" width=\"625\" height=\"625\" srcset=\"https:\/\/web.ifac.edu.br\/reitora\/wp-content\/uploads\/sites\/30\/2021\/03\/WhatsApp-Image-2021-03-17-at-09.40.05-1024x1024.jpeg 1024w, https:\/\/web.ifac.edu.br\/reitora\/wp-content\/uploads\/sites\/30\/2021\/03\/WhatsApp-Image-2021-03-17-at-09.40.05-300x300.jpeg 300w, https:\/\/web.ifac.edu.br\/reitora\/wp-content\/uploads\/sites\/30\/2021\/03\/WhatsApp-Image-2021-03-17-at-09.40.05-150x150.jpeg 150w, https:\/\/web.ifac.edu.br\/reitora\/wp-content\/uploads\/sites\/30\/2021\/03\/WhatsApp-Image-2021-03-17-at-09.40.05-768x768.jpeg 768w, https:\/\/web.ifac.edu.br\/reitora\/wp-content\/uploads\/sites\/30\/2021\/03\/WhatsApp-Image-2021-03-17-at-09.40.05-624x624.jpeg 624w, https:\/\/web.ifac.edu.br\/reitora\/wp-content\/uploads\/sites\/30\/2021\/03\/WhatsApp-Image-2021-03-17-at-09.40.05.jpeg 1080w\" sizes=\"(max-width: 625px) 100vw, 625px\" \/><\/p>\n<p>Hoje \u00e9 dia de live. A partir das 18h, vou estar ao vivo, com o Gr\u00eamio Estudantil do campus Rio Branco (Un.i.r), falando sobre os cortes de recursos junto ao Ifac.<\/p>\n<p>A transmiss\u00e3o acontece no instagram do Gr\u00eamio (@gremio_estudantil_un.i.r) e ter\u00e1 como tema &#8220;Cortes no Ensino T\u00e9cnico: Como isso me Afeta?&#8221;.<\/p>\n<p>Vamos participar?!<\/p>\n","protected":false},"excerpt":{"rendered":"<p>Hoje \u00e9 dia de live. A partir das 18h, vou estar ao vivo, com o Gr\u00eamio Estudantil do campus Rio Branco (Un.i.r), falando sobre os cortes de recursos junto ao Ifac. A transmiss\u00e3o acontece no instagram do Gr\u00eamio (@gremio_estudantil_un.i.r) e ter\u00e1 como tema &#8220;Cortes no Ensino T\u00e9cnico: Como isso me Afeta?&#8221;. Vamos participar?!<\/p>\n","protected":false},"author":27,"featured_media":0,"comment_status":"closed","ping_status":"open","sticky":false,"template":"","format":"standard","meta":{"footnotes":""},"categories":[2],"tags":[],"class_list":["post-5207","post","type-post","status-publish","format-standard","hentry","category-noticias"],"_links":{"self":[{"href":"https:\/\/web.ifac.edu.br\/reitora\/wp-json\/wp\/v2\/posts\/5207","targetHints":{"allow":["GET"]}}],"collection":[{"href":"https:\/\/web.ifac.edu.br\/reitora\/wp-json\/wp\/v2\/posts"}],"about":[{"href":"https:\/\/web.ifac.edu.br\/reitora\/wp-json\/wp\/v2\/types\/post"}],"author":[{"embeddable":true,"href":"https:\/\/web.ifac.edu.br\/reitora\/wp-json\/wp\/v2\/users\/27"}],"replies":[{"embeddable":true,"href":"https:\/\/web.ifac.edu.br\/reitora\/wp-json\/wp\/v2\/comments?post=5207"}],"version-history":[{"count":0,"href":"https:\/\/web.ifac.edu.br\/reitora\/wp-json\/wp\/v2\/posts\/5207\/revisions"}],"wp:attachment":[{"href":"https:\/\/web.ifac.edu.br\/reitora\/wp-json\/wp\/v2\/media?parent=5207"}],"wp:term":[{"taxonomy":"category","embeddable":true,"href":"https:\/\/web.ifac.edu.br\/reitora\/wp-json\/wp\/v2\/categories?post=5207"},{"taxonomy":"post_tag","embeddable":true,"href":"https:\/\/web.ifac.edu.br\/reitora\/wp-json\/wp\/v2\/tags?post=5207"}],"curies":[{"name":"wp","href":"https:\/\/api.w.org\/{rel}","templated":true}]}}