{"id":5202,"date":"2021-03-12T12:00:49","date_gmt":"2021-03-12T15:00:49","guid":{"rendered":"https:\/\/web.ifac.edu.br\/reitora\/?p=5202"},"modified":"2021-03-12T12:03:59","modified_gmt":"2021-03-12T15:03:59","slug":"live-o-papel-da-mulher-no-seculo-xxi","status":"publish","type":"post","link":"https:\/\/web.ifac.edu.br\/reitora\/2021\/03\/12\/live-o-papel-da-mulher-no-seculo-xxi\/","title":{"rendered":"Live &#8220;O papel da mulher no s\u00e9culo XXI&#8221;"},"content":{"rendered":"<p><img fetchpriority=\"high\" decoding=\"async\" class=\"wp-image-5203 size-full aligncenter\" src=\"https:\/\/web.ifac.edu.br\/reitora\/wp-content\/uploads\/sites\/30\/2021\/03\/live_ifac_aal.png\" alt=\"\" width=\"640\" height=\"360\" srcset=\"https:\/\/web.ifac.edu.br\/reitora\/wp-content\/uploads\/sites\/30\/2021\/03\/live_ifac_aal.png 640w, https:\/\/web.ifac.edu.br\/reitora\/wp-content\/uploads\/sites\/30\/2021\/03\/live_ifac_aal-300x169.png 300w, https:\/\/web.ifac.edu.br\/reitora\/wp-content\/uploads\/sites\/30\/2021\/03\/live_ifac_aal-624x351.png 624w\" sizes=\"(max-width: 640px) 100vw, 640px\" \/><\/p>\n<p>Em comemora\u00e7\u00e3o ao Dia Internacional da Mulher, o Ifac tem realizado atividades ao longo de toda a semana. E nessa quinta-feira (11.03), participei da live &#8220;Entrevista com a autora: O papel da mulher no s\u00e9culo XXI&#8221;, juntamente com a presidente da Academia Acreana de Letras, Lu\u00edsa Kalberg.<\/p>\n<p>Um momento muito rico de conhecimento e compartilhamento de experi\u00eancias. Aos que n\u00e3o puderam estar conosco, a live est\u00e1 dispon\u00edvel no canal do Ifac no YouTube e tamb\u00e9m pelo link <strong><a href=\"https:\/\/www.youtube.com\/watch?v=Np-pNGMPm78\" target=\"_blank\" rel=\"noopener\">https:\/\/www.youtube.com\/watch?v=Np-pNGMPm78<\/a><\/strong>.<\/p>\n<p>Aproveito para a agradecer a nossa diretora sist\u00eamica da Editora Ifac, Kelen Gleysse Maia Andrade, que realizou a media\u00e7\u00e3o da live, como tamb\u00e9m as Diretorias Sist\u00eamicas de Comunica\u00e7\u00e3o e Tecnologia da Informa\u00e7\u00e3o, pelo suporte e realiza\u00e7\u00e3o da transmiss\u00e3o. Meu muito obrigada tamb\u00e9m \u00e0s int\u00e9rpretes de Libras, Silvia e Denise.<\/p>\n","protected":false},"excerpt":{"rendered":"<p>Em comemora\u00e7\u00e3o ao Dia Internacional da Mulher, o Ifac tem realizado atividades ao longo de toda a semana. E nessa quinta-feira (11.03), participei da live &#8220;Entrevista com a autora: O papel da mulher no s\u00e9culo XXI&#8221;, juntamente com a presidente da Academia Acreana de Letras, Lu\u00edsa Kalberg. Um momento muito rico de conhecimento e compartilhamento [&hellip;]<\/p>\n","protected":false},"author":27,"featured_media":0,"comment_status":"closed","ping_status":"open","sticky":false,"template":"","format":"standard","meta":{"footnotes":""},"categories":[2],"tags":[],"class_list":["post-5202","post","type-post","status-publish","format-standard","hentry","category-noticias"],"_links":{"self":[{"href":"https:\/\/web.ifac.edu.br\/reitora\/wp-json\/wp\/v2\/posts\/5202","targetHints":{"allow":["GET"]}}],"collection":[{"href":"https:\/\/web.ifac.edu.br\/reitora\/wp-json\/wp\/v2\/posts"}],"about":[{"href":"https:\/\/web.ifac.edu.br\/reitora\/wp-json\/wp\/v2\/types\/post"}],"author":[{"embeddable":true,"href":"https:\/\/web.ifac.edu.br\/reitora\/wp-json\/wp\/v2\/users\/27"}],"replies":[{"embeddable":true,"href":"https:\/\/web.ifac.edu.br\/reitora\/wp-json\/wp\/v2\/comments?post=5202"}],"version-history":[{"count":0,"href":"https:\/\/web.ifac.edu.br\/reitora\/wp-json\/wp\/v2\/posts\/5202\/revisions"}],"wp:attachment":[{"href":"https:\/\/web.ifac.edu.br\/reitora\/wp-json\/wp\/v2\/media?parent=5202"}],"wp:term":[{"taxonomy":"category","embeddable":true,"href":"https:\/\/web.ifac.edu.br\/reitora\/wp-json\/wp\/v2\/categories?post=5202"},{"taxonomy":"post_tag","embeddable":true,"href":"https:\/\/web.ifac.edu.br\/reitora\/wp-json\/wp\/v2\/tags?post=5202"}],"curies":[{"name":"wp","href":"https:\/\/api.w.org\/{rel}","templated":true}]}}