{"id":5199,"date":"2021-03-10T11:24:40","date_gmt":"2021-03-10T14:24:40","guid":{"rendered":"https:\/\/web.ifac.edu.br\/reitora\/?p=5199"},"modified":"2021-03-10T11:24:40","modified_gmt":"2021-03-10T14:24:40","slug":"live-entrevista-com-a-autora","status":"publish","type":"post","link":"https:\/\/web.ifac.edu.br\/reitora\/2021\/03\/10\/live-entrevista-com-a-autora\/","title":{"rendered":"Live &#8220;Entrevista com a autora&#8221;"},"content":{"rendered":"<p><img fetchpriority=\"high\" decoding=\"async\" class=\"alignnone wp-image-5200 size-large\" src=\"https:\/\/web.ifac.edu.br\/reitora\/wp-content\/uploads\/sites\/30\/2021\/03\/WhatsApp-Image-2021-03-06-at-08.34.22-2-1024x576.jpeg\" alt=\"\" width=\"625\" height=\"352\" srcset=\"https:\/\/web.ifac.edu.br\/reitora\/wp-content\/uploads\/sites\/30\/2021\/03\/WhatsApp-Image-2021-03-06-at-08.34.22-2-1024x576.jpeg 1024w, https:\/\/web.ifac.edu.br\/reitora\/wp-content\/uploads\/sites\/30\/2021\/03\/WhatsApp-Image-2021-03-06-at-08.34.22-2-300x169.jpeg 300w, https:\/\/web.ifac.edu.br\/reitora\/wp-content\/uploads\/sites\/30\/2021\/03\/WhatsApp-Image-2021-03-06-at-08.34.22-2-768x432.jpeg 768w, https:\/\/web.ifac.edu.br\/reitora\/wp-content\/uploads\/sites\/30\/2021\/03\/WhatsApp-Image-2021-03-06-at-08.34.22-2-624x351.jpeg 624w, https:\/\/web.ifac.edu.br\/reitora\/wp-content\/uploads\/sites\/30\/2021\/03\/WhatsApp-Image-2021-03-06-at-08.34.22-2.jpeg 1280w\" sizes=\"(max-width: 625px) 100vw, 625px\" \/><\/p>\n<p>Marca a\u00ed na sua agenda: 11 de mar\u00e7o, a partir das 16h, live &#8220;Entrevista com a autora: O papel da mulher no s\u00e9culo XXI&#8221;.<\/p>\n<p>A atividade, que faz parte da Semana da Mulher, ser\u00e1 transmitida pelo canal do Ifac no YouTube (<a href=\"https:\/\/www.youtube.com\/ifacoficial\">youtube.com\/ifacoficial<\/a>).<\/p>\n<p>A live vai contar com a participa\u00e7\u00e3o da reitora do Ifac, Rosana Cavalcante dos Santos, e da presidente da Academia Acreana de Letras, Lu\u00edsa Galv\u00e3o Lessa Karlberg.<\/p>\n","protected":false},"excerpt":{"rendered":"<p>Marca a\u00ed na sua agenda: 11 de mar\u00e7o, a partir das 16h, live &#8220;Entrevista com a autora: O papel da mulher no s\u00e9culo XXI&#8221;. A atividade, que faz parte da Semana da Mulher, ser\u00e1 transmitida pelo canal do Ifac no YouTube (youtube.com\/ifacoficial). A live vai contar com a participa\u00e7\u00e3o da reitora do Ifac, Rosana Cavalcante [&hellip;]<\/p>\n","protected":false},"author":27,"featured_media":0,"comment_status":"closed","ping_status":"open","sticky":false,"template":"","format":"standard","meta":{"footnotes":""},"categories":[2],"tags":[],"class_list":["post-5199","post","type-post","status-publish","format-standard","hentry","category-noticias"],"_links":{"self":[{"href":"https:\/\/web.ifac.edu.br\/reitora\/wp-json\/wp\/v2\/posts\/5199","targetHints":{"allow":["GET"]}}],"collection":[{"href":"https:\/\/web.ifac.edu.br\/reitora\/wp-json\/wp\/v2\/posts"}],"about":[{"href":"https:\/\/web.ifac.edu.br\/reitora\/wp-json\/wp\/v2\/types\/post"}],"author":[{"embeddable":true,"href":"https:\/\/web.ifac.edu.br\/reitora\/wp-json\/wp\/v2\/users\/27"}],"replies":[{"embeddable":true,"href":"https:\/\/web.ifac.edu.br\/reitora\/wp-json\/wp\/v2\/comments?post=5199"}],"version-history":[{"count":0,"href":"https:\/\/web.ifac.edu.br\/reitora\/wp-json\/wp\/v2\/posts\/5199\/revisions"}],"wp:attachment":[{"href":"https:\/\/web.ifac.edu.br\/reitora\/wp-json\/wp\/v2\/media?parent=5199"}],"wp:term":[{"taxonomy":"category","embeddable":true,"href":"https:\/\/web.ifac.edu.br\/reitora\/wp-json\/wp\/v2\/categories?post=5199"},{"taxonomy":"post_tag","embeddable":true,"href":"https:\/\/web.ifac.edu.br\/reitora\/wp-json\/wp\/v2\/tags?post=5199"}],"curies":[{"name":"wp","href":"https:\/\/api.w.org\/{rel}","templated":true}]}}