{"id":5193,"date":"2021-03-07T16:33:24","date_gmt":"2021-03-07T19:33:24","guid":{"rendered":"http:\/\/web.ifac.edu.br\/reitora\/?p=5193"},"modified":"2021-03-07T16:33:24","modified_gmt":"2021-03-07T19:33:24","slug":"semana-da-mulher-no-ifac","status":"publish","type":"post","link":"https:\/\/web.ifac.edu.br\/reitora\/2021\/03\/07\/semana-da-mulher-no-ifac\/","title":{"rendered":"Semana da Mulher no Ifac"},"content":{"rendered":"<p><img fetchpriority=\"high\" decoding=\"async\" class=\"alignnone wp-image-5194 size-full\" src=\"https:\/\/web.ifac.edu.br\/reitora\/wp-content\/uploads\/sites\/30\/2021\/03\/materia_semana_mulher.jpeg\" alt=\"\" width=\"651\" height=\"461\" srcset=\"https:\/\/web.ifac.edu.br\/reitora\/wp-content\/uploads\/sites\/30\/2021\/03\/materia_semana_mulher.jpeg 651w, https:\/\/web.ifac.edu.br\/reitora\/wp-content\/uploads\/sites\/30\/2021\/03\/materia_semana_mulher-300x212.jpeg 300w, https:\/\/web.ifac.edu.br\/reitora\/wp-content\/uploads\/sites\/30\/2021\/03\/materia_semana_mulher-624x442.jpeg 624w\" sizes=\"(max-width: 651px) 100vw, 651px\" \/><\/p>\n<p>O Ifac est\u00e1 com agenda especial para o Dia Internacional da Mulher!<\/p>\n<p>Em comemora\u00e7\u00e3o ao dia 08 de mar\u00e7o, vamos realizar atividades online para as servidoras, estudantes e comunidade acreana.<\/p>\n<p><img decoding=\"async\" class=\"alignnone size-medium wp-image-5196\" src=\"https:\/\/web.ifac.edu.br\/reitora\/wp-content\/uploads\/sites\/30\/2021\/03\/WhatsApp-Image-2021-03-06-at-08.34.22-300x300.jpeg\" alt=\"\" width=\"300\" height=\"300\" srcset=\"https:\/\/web.ifac.edu.br\/reitora\/wp-content\/uploads\/sites\/30\/2021\/03\/WhatsApp-Image-2021-03-06-at-08.34.22-300x300.jpeg 300w, https:\/\/web.ifac.edu.br\/reitora\/wp-content\/uploads\/sites\/30\/2021\/03\/WhatsApp-Image-2021-03-06-at-08.34.22-1024x1024.jpeg 1024w, https:\/\/web.ifac.edu.br\/reitora\/wp-content\/uploads\/sites\/30\/2021\/03\/WhatsApp-Image-2021-03-06-at-08.34.22-150x150.jpeg 150w, https:\/\/web.ifac.edu.br\/reitora\/wp-content\/uploads\/sites\/30\/2021\/03\/WhatsApp-Image-2021-03-06-at-08.34.22-768x767.jpeg 768w, https:\/\/web.ifac.edu.br\/reitora\/wp-content\/uploads\/sites\/30\/2021\/03\/WhatsApp-Image-2021-03-06-at-08.34.22-624x623.jpeg 624w, https:\/\/web.ifac.edu.br\/reitora\/wp-content\/uploads\/sites\/30\/2021\/03\/WhatsApp-Image-2021-03-06-at-08.34.22.jpeg 1082w\" sizes=\"(max-width: 300px) 100vw, 300px\" \/> <img decoding=\"async\" class=\"alignnone size-medium wp-image-5195\" src=\"https:\/\/web.ifac.edu.br\/reitora\/wp-content\/uploads\/sites\/30\/2021\/03\/WhatsApp-Image-2021-03-06-at-08.34.21-300x300.jpeg\" alt=\"\" width=\"300\" height=\"300\" srcset=\"https:\/\/web.ifac.edu.br\/reitora\/wp-content\/uploads\/sites\/30\/2021\/03\/WhatsApp-Image-2021-03-06-at-08.34.21-300x300.jpeg 300w, https:\/\/web.ifac.edu.br\/reitora\/wp-content\/uploads\/sites\/30\/2021\/03\/WhatsApp-Image-2021-03-06-at-08.34.21-1024x1024.jpeg 1024w, https:\/\/web.ifac.edu.br\/reitora\/wp-content\/uploads\/sites\/30\/2021\/03\/WhatsApp-Image-2021-03-06-at-08.34.21-150x150.jpeg 150w, https:\/\/web.ifac.edu.br\/reitora\/wp-content\/uploads\/sites\/30\/2021\/03\/WhatsApp-Image-2021-03-06-at-08.34.21-768x768.jpeg 768w, https:\/\/web.ifac.edu.br\/reitora\/wp-content\/uploads\/sites\/30\/2021\/03\/WhatsApp-Image-2021-03-06-at-08.34.21-624x624.jpeg 624w, https:\/\/web.ifac.edu.br\/reitora\/wp-content\/uploads\/sites\/30\/2021\/03\/WhatsApp-Image-2021-03-06-at-08.34.21.jpeg 1081w\" sizes=\"(max-width: 300px) 100vw, 300px\" \/><\/p>\n<p>O primeiro evento acontece no dia 11 de mar\u00e7o, a partir das 16h, no canal do Ifac no YouTube. A live \u201cEntrevista com a Autora: O papel da mulher no s\u00e9culo XII\u201d, contar\u00e1 com a presen\u00e7a da reitora Rosana Cavalcante dos Santos e da presidente da Academia Acreana de Letras, Lu\u00edsa Galv\u00e3o Lessa Karlberg.<\/p>\n<p>J\u00e1 no dia 12 de mar\u00e7o ser\u00e1 realizada roda de conversa &#8220;Fala, Mulher!&#8221;. A atividade ter\u00e1 inicio \u00e0s 09h, pela plataforma Google Meet, e ser\u00e1 destinada \u00e0s servidoras do Ifac. A apresenta\u00e7\u00e3o ficar\u00e1 por conta da psicol\u00f3ga da institui\u00e7\u00e3o, Maria Freire da Costa.<\/p>\n","protected":false},"excerpt":{"rendered":"<p>O Ifac est\u00e1 com agenda especial para o Dia Internacional da Mulher! Em comemora\u00e7\u00e3o ao dia 08 de mar\u00e7o, vamos realizar atividades online para as servidoras, estudantes e comunidade acreana. O primeiro evento acontece no dia 11 de mar\u00e7o, a partir das 16h, no canal do Ifac no YouTube. A live \u201cEntrevista com a Autora: [&hellip;]<\/p>\n","protected":false},"author":27,"featured_media":0,"comment_status":"closed","ping_status":"open","sticky":false,"template":"","format":"standard","meta":{"footnotes":""},"categories":[2],"tags":[],"class_list":["post-5193","post","type-post","status-publish","format-standard","hentry","category-noticias"],"_links":{"self":[{"href":"https:\/\/web.ifac.edu.br\/reitora\/wp-json\/wp\/v2\/posts\/5193","targetHints":{"allow":["GET"]}}],"collection":[{"href":"https:\/\/web.ifac.edu.br\/reitora\/wp-json\/wp\/v2\/posts"}],"about":[{"href":"https:\/\/web.ifac.edu.br\/reitora\/wp-json\/wp\/v2\/types\/post"}],"author":[{"embeddable":true,"href":"https:\/\/web.ifac.edu.br\/reitora\/wp-json\/wp\/v2\/users\/27"}],"replies":[{"embeddable":true,"href":"https:\/\/web.ifac.edu.br\/reitora\/wp-json\/wp\/v2\/comments?post=5193"}],"version-history":[{"count":0,"href":"https:\/\/web.ifac.edu.br\/reitora\/wp-json\/wp\/v2\/posts\/5193\/revisions"}],"wp:attachment":[{"href":"https:\/\/web.ifac.edu.br\/reitora\/wp-json\/wp\/v2\/media?parent=5193"}],"wp:term":[{"taxonomy":"category","embeddable":true,"href":"https:\/\/web.ifac.edu.br\/reitora\/wp-json\/wp\/v2\/categories?post=5193"},{"taxonomy":"post_tag","embeddable":true,"href":"https:\/\/web.ifac.edu.br\/reitora\/wp-json\/wp\/v2\/tags?post=5193"}],"curies":[{"name":"wp","href":"https:\/\/api.w.org\/{rel}","templated":true}]}}