{"id":5190,"date":"2021-03-08T06:30:47","date_gmt":"2021-03-08T09:30:47","guid":{"rendered":"http:\/\/web.ifac.edu.br\/reitora\/?p=5190"},"modified":"2021-03-07T16:39:30","modified_gmt":"2021-03-07T19:39:30","slug":"feliz-dia-internacional-da-mulher-2","status":"publish","type":"post","link":"https:\/\/web.ifac.edu.br\/reitora\/2021\/03\/08\/feliz-dia-internacional-da-mulher-2\/","title":{"rendered":"Feliz Dia Internacional da Mulher"},"content":{"rendered":"<p><img fetchpriority=\"high\" decoding=\"async\" class=\"alignnone wp-image-5191 size-full\" src=\"https:\/\/web.ifac.edu.br\/reitora\/wp-content\/uploads\/sites\/30\/2021\/03\/WhatsApp-Image-2021-03-06-at-08.34.18.jpeg\" alt=\"\" width=\"651\" height=\"461\" srcset=\"https:\/\/web.ifac.edu.br\/reitora\/wp-content\/uploads\/sites\/30\/2021\/03\/WhatsApp-Image-2021-03-06-at-08.34.18.jpeg 651w, https:\/\/web.ifac.edu.br\/reitora\/wp-content\/uploads\/sites\/30\/2021\/03\/WhatsApp-Image-2021-03-06-at-08.34.18-300x212.jpeg 300w, https:\/\/web.ifac.edu.br\/reitora\/wp-content\/uploads\/sites\/30\/2021\/03\/WhatsApp-Image-2021-03-06-at-08.34.18-624x442.jpeg 624w\" sizes=\"(max-width: 651px) 100vw, 651px\" \/><\/p>\n<p>O dia 08 de mar\u00e7o \u00e9 uma data muito especial para mim, como mulher e reitora de uma institui\u00e7\u00e3o com apenas 10 anos. Por isso, tenho consci\u00eancia da import\u00e2ncia de se ressaltar esse momento e comemor\u00e1-lo com todas aquelas que dividem o dia a dia conosco.<\/p>\n<p>Al\u00e9m disso, \u00e9 importante sempre lembrar como somos plurais e diversas, mas o quanto ainda precisamos pavimentar estradas para que a desigualdade de g\u00eanero seja uma realidade.<\/p>\n<p>Assim, nesse Dia Internacional da Mulher destaco a import\u00e2ncia do respeito, igualdade, toler\u00e2ncia, justi\u00e7a, liberdade e equidade para todas n\u00f3s.<\/p>\n<p>Feliz Dia Internacional da Mulher!<\/p>\n<p>Clique <a href=\"https:\/\/youtu.be\/aQUozhRFNMg\" target=\"_blank\" rel=\"noopener\"><strong>aqui<\/strong><\/a> para assistir a mensagem da reitora do Ifac, Rosana Cavalcante dos Santos, em homenagem ao Dia Internacional da Mulher.<\/p>\n","protected":false},"excerpt":{"rendered":"<p>O dia 08 de mar\u00e7o \u00e9 uma data muito especial para mim, como mulher e reitora de uma institui\u00e7\u00e3o com apenas 10 anos. Por isso, tenho consci\u00eancia da import\u00e2ncia de se ressaltar esse momento e comemor\u00e1-lo com todas aquelas que dividem o dia a dia conosco. Al\u00e9m disso, \u00e9 importante sempre lembrar como somos plurais [&hellip;]<\/p>\n","protected":false},"author":27,"featured_media":0,"comment_status":"closed","ping_status":"open","sticky":false,"template":"","format":"standard","meta":{"footnotes":""},"categories":[2],"tags":[],"class_list":["post-5190","post","type-post","status-publish","format-standard","hentry","category-noticias"],"_links":{"self":[{"href":"https:\/\/web.ifac.edu.br\/reitora\/wp-json\/wp\/v2\/posts\/5190","targetHints":{"allow":["GET"]}}],"collection":[{"href":"https:\/\/web.ifac.edu.br\/reitora\/wp-json\/wp\/v2\/posts"}],"about":[{"href":"https:\/\/web.ifac.edu.br\/reitora\/wp-json\/wp\/v2\/types\/post"}],"author":[{"embeddable":true,"href":"https:\/\/web.ifac.edu.br\/reitora\/wp-json\/wp\/v2\/users\/27"}],"replies":[{"embeddable":true,"href":"https:\/\/web.ifac.edu.br\/reitora\/wp-json\/wp\/v2\/comments?post=5190"}],"version-history":[{"count":0,"href":"https:\/\/web.ifac.edu.br\/reitora\/wp-json\/wp\/v2\/posts\/5190\/revisions"}],"wp:attachment":[{"href":"https:\/\/web.ifac.edu.br\/reitora\/wp-json\/wp\/v2\/media?parent=5190"}],"wp:term":[{"taxonomy":"category","embeddable":true,"href":"https:\/\/web.ifac.edu.br\/reitora\/wp-json\/wp\/v2\/categories?post=5190"},{"taxonomy":"post_tag","embeddable":true,"href":"https:\/\/web.ifac.edu.br\/reitora\/wp-json\/wp\/v2\/tags?post=5190"}],"curies":[{"name":"wp","href":"https:\/\/api.w.org\/{rel}","templated":true}]}}