{"id":5175,"date":"2021-02-11T21:49:26","date_gmt":"2021-02-12T00:49:26","guid":{"rendered":"http:\/\/web.ifac.edu.br\/reitora\/?p=5175"},"modified":"2021-02-11T21:49:26","modified_gmt":"2021-02-12T00:49:26","slug":"dia-internacional-de-mulheres-e-meninas-na-ciencia","status":"publish","type":"post","link":"https:\/\/web.ifac.edu.br\/reitora\/2021\/02\/11\/dia-internacional-de-mulheres-e-meninas-na-ciencia\/","title":{"rendered":"Dia Internacional de Mulheres e Meninas na Ci\u00eancia"},"content":{"rendered":"<p><img fetchpriority=\"high\" decoding=\"async\" class=\"alignnone wp-image-5176 size-large\" src=\"https:\/\/web.ifac.edu.br\/reitora\/wp-content\/uploads\/sites\/30\/2021\/02\/3637BD_feed-1024x1024.png\" alt=\"\" width=\"625\" height=\"625\" srcset=\"https:\/\/web.ifac.edu.br\/reitora\/wp-content\/uploads\/sites\/30\/2021\/02\/3637BD_feed-1024x1024.png 1024w, https:\/\/web.ifac.edu.br\/reitora\/wp-content\/uploads\/sites\/30\/2021\/02\/3637BD_feed-300x300.png 300w, https:\/\/web.ifac.edu.br\/reitora\/wp-content\/uploads\/sites\/30\/2021\/02\/3637BD_feed-150x150.png 150w, https:\/\/web.ifac.edu.br\/reitora\/wp-content\/uploads\/sites\/30\/2021\/02\/3637BD_feed-768x768.png 768w, https:\/\/web.ifac.edu.br\/reitora\/wp-content\/uploads\/sites\/30\/2021\/02\/3637BD_feed-624x624.png 624w, https:\/\/web.ifac.edu.br\/reitora\/wp-content\/uploads\/sites\/30\/2021\/02\/3637BD_feed.png 1080w\" sizes=\"(max-width: 625px) 100vw, 625px\" \/><\/p>\n<p>Aprovado em 2015, pela Unesco e Na\u00e7\u00f5es Unidas, o Dia Internacional de Mulheres e Meninas na Ci\u00eancia se tornou um marco para a promo\u00e7\u00e3o da igualdade de direitos entre homens e mulheres em todos os n\u00edveis educacionais, principalmente nas \u00e1reas de ci\u00eancia, tecnologia, engenharia e matem\u00e1tica.<\/p>\n<p>Por meio de projetos, editais e a\u00e7\u00f5es cient\u00edficas, o Ifac tem incentivado cada vez mais mulheres e meninas a se dedicar \u00e0 pesquisa acad\u00eamica e tecnol\u00f3gica.<\/p>\n<p>A luta pela igualdade de g\u00eanero na carreira cient\u00edfica \u00e9 di\u00e1ria e temos muito orgulho de todas as nossas estudantes, servidoras e pesquisadoras que, diariamente, ampliam os olhares para o mundo da pesquisa, sempre com foco em um futuro promissor.<\/p>\n<p>Feliz Dia Internacional das Mulheres e Meninas na Ci\u00eancia!<\/p>\n","protected":false},"excerpt":{"rendered":"<p>Aprovado em 2015, pela Unesco e Na\u00e7\u00f5es Unidas, o Dia Internacional de Mulheres e Meninas na Ci\u00eancia se tornou um marco para a promo\u00e7\u00e3o da igualdade de direitos entre homens e mulheres em todos os n\u00edveis educacionais, principalmente nas \u00e1reas de ci\u00eancia, tecnologia, engenharia e matem\u00e1tica. Por meio de projetos, editais e a\u00e7\u00f5es cient\u00edficas, o [&hellip;]<\/p>\n","protected":false},"author":27,"featured_media":0,"comment_status":"closed","ping_status":"open","sticky":false,"template":"","format":"standard","meta":{"footnotes":""},"categories":[2],"tags":[],"class_list":["post-5175","post","type-post","status-publish","format-standard","hentry","category-noticias"],"_links":{"self":[{"href":"https:\/\/web.ifac.edu.br\/reitora\/wp-json\/wp\/v2\/posts\/5175","targetHints":{"allow":["GET"]}}],"collection":[{"href":"https:\/\/web.ifac.edu.br\/reitora\/wp-json\/wp\/v2\/posts"}],"about":[{"href":"https:\/\/web.ifac.edu.br\/reitora\/wp-json\/wp\/v2\/types\/post"}],"author":[{"embeddable":true,"href":"https:\/\/web.ifac.edu.br\/reitora\/wp-json\/wp\/v2\/users\/27"}],"replies":[{"embeddable":true,"href":"https:\/\/web.ifac.edu.br\/reitora\/wp-json\/wp\/v2\/comments?post=5175"}],"version-history":[{"count":0,"href":"https:\/\/web.ifac.edu.br\/reitora\/wp-json\/wp\/v2\/posts\/5175\/revisions"}],"wp:attachment":[{"href":"https:\/\/web.ifac.edu.br\/reitora\/wp-json\/wp\/v2\/media?parent=5175"}],"wp:term":[{"taxonomy":"category","embeddable":true,"href":"https:\/\/web.ifac.edu.br\/reitora\/wp-json\/wp\/v2\/categories?post=5175"},{"taxonomy":"post_tag","embeddable":true,"href":"https:\/\/web.ifac.edu.br\/reitora\/wp-json\/wp\/v2\/tags?post=5175"}],"curies":[{"name":"wp","href":"https:\/\/api.w.org\/{rel}","templated":true}]}}