{"id":5171,"date":"2021-02-03T14:27:29","date_gmt":"2021-02-03T17:27:29","guid":{"rendered":"http:\/\/web.ifac.edu.br\/reitora\/?p=5171"},"modified":"2021-02-03T14:27:29","modified_gmt":"2021-02-03T17:27:29","slug":"processo-seletivo-2021-1-inscricoes-abertas","status":"publish","type":"post","link":"https:\/\/web.ifac.edu.br\/reitora\/2021\/02\/03\/processo-seletivo-2021-1-inscricoes-abertas\/","title":{"rendered":"Processo Seletivo 2021\/1: Inscri\u00e7\u00f5es abertas!"},"content":{"rendered":"<p><img fetchpriority=\"high\" decoding=\"async\" class=\"alignnone wp-image-5172 size-large\" src=\"https:\/\/web.ifac.edu.br\/reitora\/wp-content\/uploads\/sites\/30\/2021\/02\/ps_2021_1-1024x726.jpeg\" alt=\"\" width=\"625\" height=\"443\" srcset=\"https:\/\/web.ifac.edu.br\/reitora\/wp-content\/uploads\/sites\/30\/2021\/02\/ps_2021_1-1024x726.jpeg 1024w, https:\/\/web.ifac.edu.br\/reitora\/wp-content\/uploads\/sites\/30\/2021\/02\/ps_2021_1-300x213.jpeg 300w, https:\/\/web.ifac.edu.br\/reitora\/wp-content\/uploads\/sites\/30\/2021\/02\/ps_2021_1-768x544.jpeg 768w, https:\/\/web.ifac.edu.br\/reitora\/wp-content\/uploads\/sites\/30\/2021\/02\/ps_2021_1-624x442.jpeg 624w, https:\/\/web.ifac.edu.br\/reitora\/wp-content\/uploads\/sites\/30\/2021\/02\/ps_2021_1.jpeg 1120w\" sizes=\"(max-width: 625px) 100vw, 625px\" \/><\/p>\n<p>As inscri\u00e7\u00f5es j\u00e1 est\u00e3o abertas e s\u00e3o gratuitas. S\u00e3o mais de mil vagas para cursos t\u00e9cnicos integrados e subsequentes nos campi Baixada do Sol, Cruzeiro do Sul, Rio Branco, Sena Madureira Tarauac\u00e1 e Xapuri.<\/p>\n<p>Para se inscrever, basta acessar o site <strong><a href=\"https:\/\/selecoes.ifac.edu.br\/\" target=\"_blank\" rel=\"noopener\">https:\/\/selecoes.ifac.edu.br\/<\/a><\/strong>. As inscri\u00e7\u00f5es seguem at\u00e9 o dia 31 de mar\u00e7o. N\u00e3o deixe para a \u00faltima hora!<\/p>\n<p>Mais informa\u00e7\u00f5es, editais e quadro de vagas, acesse: <strong><a href=\"https:\/\/web.ifac.edu.br\/processoseletivo\/\" target=\"_blank\" rel=\"noopener\">https:\/\/web.ifac.edu.br\/processoseletivo\/<\/a><\/strong>.<\/p>\n","protected":false},"excerpt":{"rendered":"<p>As inscri\u00e7\u00f5es j\u00e1 est\u00e3o abertas e s\u00e3o gratuitas. S\u00e3o mais de mil vagas para cursos t\u00e9cnicos integrados e subsequentes nos campi Baixada do Sol, Cruzeiro do Sul, Rio Branco, Sena Madureira Tarauac\u00e1 e Xapuri. Para se inscrever, basta acessar o site https:\/\/selecoes.ifac.edu.br\/. As inscri\u00e7\u00f5es seguem at\u00e9 o dia 31 de mar\u00e7o. N\u00e3o deixe para a [&hellip;]<\/p>\n","protected":false},"author":27,"featured_media":0,"comment_status":"closed","ping_status":"open","sticky":false,"template":"","format":"standard","meta":{"footnotes":""},"categories":[2],"tags":[],"class_list":["post-5171","post","type-post","status-publish","format-standard","hentry","category-noticias"],"_links":{"self":[{"href":"https:\/\/web.ifac.edu.br\/reitora\/wp-json\/wp\/v2\/posts\/5171","targetHints":{"allow":["GET"]}}],"collection":[{"href":"https:\/\/web.ifac.edu.br\/reitora\/wp-json\/wp\/v2\/posts"}],"about":[{"href":"https:\/\/web.ifac.edu.br\/reitora\/wp-json\/wp\/v2\/types\/post"}],"author":[{"embeddable":true,"href":"https:\/\/web.ifac.edu.br\/reitora\/wp-json\/wp\/v2\/users\/27"}],"replies":[{"embeddable":true,"href":"https:\/\/web.ifac.edu.br\/reitora\/wp-json\/wp\/v2\/comments?post=5171"}],"version-history":[{"count":0,"href":"https:\/\/web.ifac.edu.br\/reitora\/wp-json\/wp\/v2\/posts\/5171\/revisions"}],"wp:attachment":[{"href":"https:\/\/web.ifac.edu.br\/reitora\/wp-json\/wp\/v2\/media?parent=5171"}],"wp:term":[{"taxonomy":"category","embeddable":true,"href":"https:\/\/web.ifac.edu.br\/reitora\/wp-json\/wp\/v2\/categories?post=5171"},{"taxonomy":"post_tag","embeddable":true,"href":"https:\/\/web.ifac.edu.br\/reitora\/wp-json\/wp\/v2\/tags?post=5171"}],"curies":[{"name":"wp","href":"https:\/\/api.w.org\/{rel}","templated":true}]}}