{"id":5168,"date":"2021-01-12T10:11:56","date_gmt":"2021-01-12T13:11:56","guid":{"rendered":"http:\/\/web.ifac.edu.br\/reitora\/?p=5168"},"modified":"2021-01-12T10:11:56","modified_gmt":"2021-01-12T13:11:56","slug":"nota-de-pesar-2","status":"publish","type":"post","link":"https:\/\/web.ifac.edu.br\/reitora\/2021\/01\/12\/nota-de-pesar-2\/","title":{"rendered":"Nota de Pesar"},"content":{"rendered":"<p><img fetchpriority=\"high\" decoding=\"async\" class=\"alignnone wp-image-4959 size-full\" src=\"https:\/\/web.ifac.edu.br\/reitora\/wp-content\/uploads\/sites\/30\/2020\/05\/nota_pesar.jpeg.jpg\" alt=\"\" width=\"752\" height=\"422\" srcset=\"https:\/\/web.ifac.edu.br\/reitora\/wp-content\/uploads\/sites\/30\/2020\/05\/nota_pesar.jpeg.jpg 752w, https:\/\/web.ifac.edu.br\/reitora\/wp-content\/uploads\/sites\/30\/2020\/05\/nota_pesar.jpeg-300x168.jpg 300w, https:\/\/web.ifac.edu.br\/reitora\/wp-content\/uploads\/sites\/30\/2020\/05\/nota_pesar.jpeg-624x350.jpg 624w\" sizes=\"(max-width: 752px) 100vw, 752px\" \/><\/p>\n<p>O Instituto Federal do Acre (Ifac), com profundo pesar, lamenta o falecimento do reitor do Instituto Federal do Amazonas (Ifam), professor Ant\u00f4nio Ven\u00e2ncio Castelo Branco, ocorrido na noite dessa segunda-feira (11.01), em decorr\u00eancia do novo coronav\u00edrus (Covid-19).<\/p>\n<p>Junto ao Ifac, Ven\u00e2ncio Castelo Branco atuou como pr\u00f3-reitor na \u00e9poca em que os primeiros campi do Instituto Federal come\u00e7aram a ser constru\u00eddos no Acre, sob a coordena\u00e7\u00e3o do Ifam, como tamb\u00e9m foi grande abalizador da conclus\u00e3o das obras do campus Sena Madureira, j\u00e1 como reitor e respons\u00e1vel pela obra, apoiando a iniciativa da atual gest\u00e3o do\u00a0Ifac.<\/p>\n<p>Nesse momento, o Instituto Federal do Acre externa os mais sinceros sentimentos de solidariedade a toda fam\u00edlia e amigos do reitor Ant\u00f4nio Ven\u00e2ncio Castelo Branco.<\/p>\n<p style=\"text-align: right\">Rio Branco, 12 de janeiro de 2021.<br \/>\n<strong>Instituto Federal do Acre<\/strong><\/p>\n","protected":false},"excerpt":{"rendered":"<p>O Instituto Federal do Acre (Ifac), com profundo pesar, lamenta o falecimento do reitor do Instituto Federal do Amazonas (Ifam), professor Ant\u00f4nio Ven\u00e2ncio Castelo Branco, ocorrido na noite dessa segunda-feira (11.01), em decorr\u00eancia do novo coronav\u00edrus (Covid-19). Junto ao Ifac, Ven\u00e2ncio Castelo Branco atuou como pr\u00f3-reitor na \u00e9poca em que os primeiros campi do Instituto [&hellip;]<\/p>\n","protected":false},"author":27,"featured_media":0,"comment_status":"closed","ping_status":"open","sticky":false,"template":"","format":"standard","meta":{"footnotes":""},"categories":[2],"tags":[],"class_list":["post-5168","post","type-post","status-publish","format-standard","hentry","category-noticias"],"_links":{"self":[{"href":"https:\/\/web.ifac.edu.br\/reitora\/wp-json\/wp\/v2\/posts\/5168","targetHints":{"allow":["GET"]}}],"collection":[{"href":"https:\/\/web.ifac.edu.br\/reitora\/wp-json\/wp\/v2\/posts"}],"about":[{"href":"https:\/\/web.ifac.edu.br\/reitora\/wp-json\/wp\/v2\/types\/post"}],"author":[{"embeddable":true,"href":"https:\/\/web.ifac.edu.br\/reitora\/wp-json\/wp\/v2\/users\/27"}],"replies":[{"embeddable":true,"href":"https:\/\/web.ifac.edu.br\/reitora\/wp-json\/wp\/v2\/comments?post=5168"}],"version-history":[{"count":0,"href":"https:\/\/web.ifac.edu.br\/reitora\/wp-json\/wp\/v2\/posts\/5168\/revisions"}],"wp:attachment":[{"href":"https:\/\/web.ifac.edu.br\/reitora\/wp-json\/wp\/v2\/media?parent=5168"}],"wp:term":[{"taxonomy":"category","embeddable":true,"href":"https:\/\/web.ifac.edu.br\/reitora\/wp-json\/wp\/v2\/categories?post=5168"},{"taxonomy":"post_tag","embeddable":true,"href":"https:\/\/web.ifac.edu.br\/reitora\/wp-json\/wp\/v2\/tags?post=5168"}],"curies":[{"name":"wp","href":"https:\/\/api.w.org\/{rel}","templated":true}]}}