{"id":5160,"date":"2020-12-22T11:31:56","date_gmt":"2020-12-22T14:31:56","guid":{"rendered":"http:\/\/web.ifac.edu.br\/reitora\/?p=5160"},"modified":"2020-12-22T11:31:56","modified_gmt":"2020-12-22T14:31:56","slug":"ifac-e-natal-dos-correios","status":"publish","type":"post","link":"https:\/\/web.ifac.edu.br\/reitora\/2020\/12\/22\/ifac-e-natal-dos-correios\/","title":{"rendered":"Ifac e Natal dos Correios"},"content":{"rendered":"<p><img fetchpriority=\"high\" decoding=\"async\" class=\"aligncenter wp-image-5161 size-full\" src=\"https:\/\/web.ifac.edu.br\/reitora\/wp-content\/uploads\/sites\/30\/2020\/12\/natal_correios_1.png\" alt=\"\" width=\"650\" height=\"460\" srcset=\"https:\/\/web.ifac.edu.br\/reitora\/wp-content\/uploads\/sites\/30\/2020\/12\/natal_correios_1.png 650w, https:\/\/web.ifac.edu.br\/reitora\/wp-content\/uploads\/sites\/30\/2020\/12\/natal_correios_1-300x212.png 300w, https:\/\/web.ifac.edu.br\/reitora\/wp-content\/uploads\/sites\/30\/2020\/12\/natal_correios_1-624x442.png 624w\" sizes=\"(max-width: 650px) 100vw, 650px\" \/><\/p>\n<p>Mais um ano dessa parceria linda com o Correios! Dessa vez as cartinhas adotadas pelo Ifac foram das crian\u00e7as do Centro de Educa\u00e7\u00e3o Infantil Maria Estela Marques, localizado na Estrada do S\u00e3o Francisco, em Rio Branco.<\/p>\n<p><img decoding=\"async\" class=\"size-medium wp-image-5162 alignleft\" src=\"https:\/\/web.ifac.edu.br\/reitora\/wp-content\/uploads\/sites\/30\/2020\/12\/natal_correios_3-300x212.png\" alt=\"\" width=\"300\" height=\"212\" srcset=\"https:\/\/web.ifac.edu.br\/reitora\/wp-content\/uploads\/sites\/30\/2020\/12\/natal_correios_3-300x212.png 300w, https:\/\/web.ifac.edu.br\/reitora\/wp-content\/uploads\/sites\/30\/2020\/12\/natal_correios_3-624x442.png 624w, https:\/\/web.ifac.edu.br\/reitora\/wp-content\/uploads\/sites\/30\/2020\/12\/natal_correios_3.png 650w\" sizes=\"(max-width: 300px) 100vw, 300px\" \/>Esse ano, cerca de 40 servidores contribu\u00edram para que sonhos sa\u00edssem do papel e o Papai Noel pudesse chegar at\u00e9 a casa de cada menino e menina.<\/p>\n<p>A parceria para a campanha Papai Noel dos Correios \u00e9 realizada todos os anos pelo Ifac, por meio da Pr\u00f3-Reitoria de Extens\u00e3o (Proex).<\/p>\n","protected":false},"excerpt":{"rendered":"<p>Mais um ano dessa parceria linda com o Correios! Dessa vez as cartinhas adotadas pelo Ifac foram das crian\u00e7as do Centro de Educa\u00e7\u00e3o Infantil Maria Estela Marques, localizado na Estrada do S\u00e3o Francisco, em Rio Branco. Esse ano, cerca de 40 servidores contribu\u00edram para que sonhos sa\u00edssem do papel e o Papai Noel pudesse chegar [&hellip;]<\/p>\n","protected":false},"author":27,"featured_media":0,"comment_status":"closed","ping_status":"open","sticky":false,"template":"","format":"standard","meta":{"footnotes":""},"categories":[2],"tags":[],"class_list":["post-5160","post","type-post","status-publish","format-standard","hentry","category-noticias"],"_links":{"self":[{"href":"https:\/\/web.ifac.edu.br\/reitora\/wp-json\/wp\/v2\/posts\/5160","targetHints":{"allow":["GET"]}}],"collection":[{"href":"https:\/\/web.ifac.edu.br\/reitora\/wp-json\/wp\/v2\/posts"}],"about":[{"href":"https:\/\/web.ifac.edu.br\/reitora\/wp-json\/wp\/v2\/types\/post"}],"author":[{"embeddable":true,"href":"https:\/\/web.ifac.edu.br\/reitora\/wp-json\/wp\/v2\/users\/27"}],"replies":[{"embeddable":true,"href":"https:\/\/web.ifac.edu.br\/reitora\/wp-json\/wp\/v2\/comments?post=5160"}],"version-history":[{"count":0,"href":"https:\/\/web.ifac.edu.br\/reitora\/wp-json\/wp\/v2\/posts\/5160\/revisions"}],"wp:attachment":[{"href":"https:\/\/web.ifac.edu.br\/reitora\/wp-json\/wp\/v2\/media?parent=5160"}],"wp:term":[{"taxonomy":"category","embeddable":true,"href":"https:\/\/web.ifac.edu.br\/reitora\/wp-json\/wp\/v2\/categories?post=5160"},{"taxonomy":"post_tag","embeddable":true,"href":"https:\/\/web.ifac.edu.br\/reitora\/wp-json\/wp\/v2\/tags?post=5160"}],"curies":[{"name":"wp","href":"https:\/\/api.w.org\/{rel}","templated":true}]}}