{"id":5150,"date":"2020-12-21T10:38:53","date_gmt":"2020-12-21T13:38:53","guid":{"rendered":"http:\/\/web.ifac.edu.br\/reitora\/?p=5150"},"modified":"2020-12-21T10:38:53","modified_gmt":"2020-12-21T13:38:53","slug":"feliz-natal-e-um-lindo-2021","status":"publish","type":"post","link":"https:\/\/web.ifac.edu.br\/reitora\/2020\/12\/21\/feliz-natal-e-um-lindo-2021\/","title":{"rendered":"Feliz Natal e um lindo 2021!"},"content":{"rendered":"<p><img fetchpriority=\"high\" decoding=\"async\" class=\"aligncenter wp-image-5151 size-large\" src=\"https:\/\/web.ifac.edu.br\/reitora\/wp-content\/uploads\/sites\/30\/2020\/12\/70ec791f-85be-4c67-9f47-9847bfb4a405-1024x714.jpg\" alt=\"\" width=\"625\" height=\"436\" srcset=\"https:\/\/web.ifac.edu.br\/reitora\/wp-content\/uploads\/sites\/30\/2020\/12\/70ec791f-85be-4c67-9f47-9847bfb4a405-1024x714.jpg 1024w, https:\/\/web.ifac.edu.br\/reitora\/wp-content\/uploads\/sites\/30\/2020\/12\/70ec791f-85be-4c67-9f47-9847bfb4a405-300x209.jpg 300w, https:\/\/web.ifac.edu.br\/reitora\/wp-content\/uploads\/sites\/30\/2020\/12\/70ec791f-85be-4c67-9f47-9847bfb4a405-768x536.jpg 768w, https:\/\/web.ifac.edu.br\/reitora\/wp-content\/uploads\/sites\/30\/2020\/12\/70ec791f-85be-4c67-9f47-9847bfb4a405-624x435.jpg 624w, https:\/\/web.ifac.edu.br\/reitora\/wp-content\/uploads\/sites\/30\/2020\/12\/70ec791f-85be-4c67-9f47-9847bfb4a405.jpg 1280w\" sizes=\"(max-width: 625px) 100vw, 625px\" \/><\/p>\n<p>O ano de 2020 foi um ano de muitos desafios, mas tamb\u00e9m de diversos acontecimentos. Foi ainda um per\u00edodo de muita cumplicidade, trabalho conjunto, parcerias, amizade e afeto.<\/p>\n<p>Agrade\u00e7o o comprometimento e dedica\u00e7\u00e3o de todos os servidores do Instituto Federal do Acre. Que em 2021 sigamos juntos trabalhando por um futuro promissor, rodeado de esperan\u00e7a, carinho e colabora\u00e7\u00e3o.<\/p>\n<p>Minha gratid\u00e3o tamb\u00e9m aos nossos parceiros que destinaram emendas e recursos financeiros para apoiar o Instituto, na expans\u00e3o das atividades de ensino, pesquisa e extens\u00e3o, para o nosso funcionamento, estrutura\u00e7\u00e3o e expans\u00e3o.<\/p>\n<p>Esperamos que no pr\u00f3ximo ano possamos refor\u00e7ar a parceria e as a\u00e7\u00f5es em prol do desenvolvimento de uma educa\u00e7\u00e3o p\u00fablica, gratuita, inclusiva e de qualidade no Estado do Acre.<\/p>\n<p style=\"text-align: right\">Feliz Natal e um Ano Novo de realiza\u00e7\u00f5es!<\/p>\n","protected":false},"excerpt":{"rendered":"<p>O ano de 2020 foi um ano de muitos desafios, mas tamb\u00e9m de diversos acontecimentos. Foi ainda um per\u00edodo de muita cumplicidade, trabalho conjunto, parcerias, amizade e afeto. Agrade\u00e7o o comprometimento e dedica\u00e7\u00e3o de todos os servidores do Instituto Federal do Acre. Que em 2021 sigamos juntos trabalhando por um futuro promissor, rodeado de esperan\u00e7a, [&hellip;]<\/p>\n","protected":false},"author":27,"featured_media":0,"comment_status":"closed","ping_status":"open","sticky":false,"template":"","format":"standard","meta":{"footnotes":""},"categories":[2],"tags":[],"class_list":["post-5150","post","type-post","status-publish","format-standard","hentry","category-noticias"],"_links":{"self":[{"href":"https:\/\/web.ifac.edu.br\/reitora\/wp-json\/wp\/v2\/posts\/5150","targetHints":{"allow":["GET"]}}],"collection":[{"href":"https:\/\/web.ifac.edu.br\/reitora\/wp-json\/wp\/v2\/posts"}],"about":[{"href":"https:\/\/web.ifac.edu.br\/reitora\/wp-json\/wp\/v2\/types\/post"}],"author":[{"embeddable":true,"href":"https:\/\/web.ifac.edu.br\/reitora\/wp-json\/wp\/v2\/users\/27"}],"replies":[{"embeddable":true,"href":"https:\/\/web.ifac.edu.br\/reitora\/wp-json\/wp\/v2\/comments?post=5150"}],"version-history":[{"count":0,"href":"https:\/\/web.ifac.edu.br\/reitora\/wp-json\/wp\/v2\/posts\/5150\/revisions"}],"wp:attachment":[{"href":"https:\/\/web.ifac.edu.br\/reitora\/wp-json\/wp\/v2\/media?parent=5150"}],"wp:term":[{"taxonomy":"category","embeddable":true,"href":"https:\/\/web.ifac.edu.br\/reitora\/wp-json\/wp\/v2\/categories?post=5150"},{"taxonomy":"post_tag","embeddable":true,"href":"https:\/\/web.ifac.edu.br\/reitora\/wp-json\/wp\/v2\/tags?post=5150"}],"curies":[{"name":"wp","href":"https:\/\/api.w.org\/{rel}","templated":true}]}}