{"id":5143,"date":"2020-12-11T17:43:42","date_gmt":"2020-12-11T20:43:42","guid":{"rendered":"http:\/\/web.ifac.edu.br\/reitora\/?p=5143"},"modified":"2020-12-11T17:43:56","modified_gmt":"2020-12-11T20:43:56","slug":"reuniao-com-senador-sergio-petecao-2","status":"publish","type":"post","link":"https:\/\/web.ifac.edu.br\/reitora\/2020\/12\/11\/reuniao-com-senador-sergio-petecao-2\/","title":{"rendered":"Reuni\u00e3o com senador S\u00e9rgio Petec\u00e3o"},"content":{"rendered":"<p><img fetchpriority=\"high\" decoding=\"async\" class=\"aligncenter wp-image-5144 size-large\" src=\"https:\/\/web.ifac.edu.br\/reitora\/wp-content\/uploads\/sites\/30\/2020\/12\/reuniao_petecao-1024x768.jpeg\" alt=\"\" width=\"625\" height=\"469\" srcset=\"https:\/\/web.ifac.edu.br\/reitora\/wp-content\/uploads\/sites\/30\/2020\/12\/reuniao_petecao-1024x768.jpeg 1024w, https:\/\/web.ifac.edu.br\/reitora\/wp-content\/uploads\/sites\/30\/2020\/12\/reuniao_petecao-300x225.jpeg 300w, https:\/\/web.ifac.edu.br\/reitora\/wp-content\/uploads\/sites\/30\/2020\/12\/reuniao_petecao-768x576.jpeg 768w, https:\/\/web.ifac.edu.br\/reitora\/wp-content\/uploads\/sites\/30\/2020\/12\/reuniao_petecao-624x468.jpeg 624w, https:\/\/web.ifac.edu.br\/reitora\/wp-content\/uploads\/sites\/30\/2020\/12\/reuniao_petecao.jpeg 1280w\" sizes=\"(max-width: 625px) 100vw, 625px\" \/><\/p>\n<p>Recebi, na manh\u00e3 desta sexta-feira (11.12), a visita do senador S\u00e9rgio Petec\u00e3o. Durante o encontro, apresentei as demandas do Ifac, como a necessidade de internet para o campus Cruzeiro do Sul.<\/p>\n<p>Na oportunidade, o senador S\u00e9rgio Petec\u00e3o se comprometeu a fazer a interlocu\u00e7\u00e3o junto ao Minist\u00e9rio de Ci\u00eancia, Tecnologia e Inova\u00e7\u00f5es, como tamb\u00e9m junto \u00e0 RNP.<\/p>\n<p>Ainda durante a reuni\u00e3o falamos sobre or\u00e7amento e emendas parlamentares. Conversamos tamb\u00e9m sobre pautas de \u00e2mbito nacional, como o or\u00e7amento da Rede Federal de Educa\u00e7\u00e3o Profissional e o Fundeb.<\/p>\n<p>Aproveito a oportunidade para agradecer o senador S\u00e9rgio Petec\u00e3o pelo apoio de sempre e por priorizar a educa\u00e7\u00e3o durante todo seu mandato.<\/p>\n","protected":false},"excerpt":{"rendered":"<p>Recebi, na manh\u00e3 desta sexta-feira (11.12), a visita do senador S\u00e9rgio Petec\u00e3o. Durante o encontro, apresentei as demandas do Ifac, como a necessidade de internet para o campus Cruzeiro do Sul. Na oportunidade, o senador S\u00e9rgio Petec\u00e3o se comprometeu a fazer a interlocu\u00e7\u00e3o junto ao Minist\u00e9rio de Ci\u00eancia, Tecnologia e Inova\u00e7\u00f5es, como tamb\u00e9m junto \u00e0 [&hellip;]<\/p>\n","protected":false},"author":27,"featured_media":0,"comment_status":"closed","ping_status":"open","sticky":false,"template":"","format":"standard","meta":{"footnotes":""},"categories":[2],"tags":[],"class_list":["post-5143","post","type-post","status-publish","format-standard","hentry","category-noticias"],"_links":{"self":[{"href":"https:\/\/web.ifac.edu.br\/reitora\/wp-json\/wp\/v2\/posts\/5143","targetHints":{"allow":["GET"]}}],"collection":[{"href":"https:\/\/web.ifac.edu.br\/reitora\/wp-json\/wp\/v2\/posts"}],"about":[{"href":"https:\/\/web.ifac.edu.br\/reitora\/wp-json\/wp\/v2\/types\/post"}],"author":[{"embeddable":true,"href":"https:\/\/web.ifac.edu.br\/reitora\/wp-json\/wp\/v2\/users\/27"}],"replies":[{"embeddable":true,"href":"https:\/\/web.ifac.edu.br\/reitora\/wp-json\/wp\/v2\/comments?post=5143"}],"version-history":[{"count":0,"href":"https:\/\/web.ifac.edu.br\/reitora\/wp-json\/wp\/v2\/posts\/5143\/revisions"}],"wp:attachment":[{"href":"https:\/\/web.ifac.edu.br\/reitora\/wp-json\/wp\/v2\/media?parent=5143"}],"wp:term":[{"taxonomy":"category","embeddable":true,"href":"https:\/\/web.ifac.edu.br\/reitora\/wp-json\/wp\/v2\/categories?post=5143"},{"taxonomy":"post_tag","embeddable":true,"href":"https:\/\/web.ifac.edu.br\/reitora\/wp-json\/wp\/v2\/tags?post=5143"}],"curies":[{"name":"wp","href":"https:\/\/api.w.org\/{rel}","templated":true}]}}