{"id":5082,"date":"2020-09-10T08:20:52","date_gmt":"2020-09-10T11:20:52","guid":{"rendered":"http:\/\/web.ifac.edu.br\/reitora\/?p=5082"},"modified":"2020-09-10T10:25:04","modified_gmt":"2020-09-10T13:25:04","slug":"setembro-amarelo-o-ifac-apoia-essa-causa","status":"publish","type":"post","link":"https:\/\/web.ifac.edu.br\/reitora\/2020\/09\/10\/setembro-amarelo-o-ifac-apoia-essa-causa\/","title":{"rendered":"Setembro Amarelo &#8211; O Ifac apoia essa causa"},"content":{"rendered":"<p><img fetchpriority=\"high\" decoding=\"async\" class=\"aligncenter wp-image-5083 size-large\" src=\"https:\/\/web.ifac.edu.br\/reitora\/wp-content\/uploads\/sites\/30\/2020\/09\/WhatsApp-Image-2020-09-10-at-07.53.07-1024x768.jpeg\" alt=\"\" width=\"625\" height=\"469\" srcset=\"https:\/\/web.ifac.edu.br\/reitora\/wp-content\/uploads\/sites\/30\/2020\/09\/WhatsApp-Image-2020-09-10-at-07.53.07-1024x768.jpeg 1024w, https:\/\/web.ifac.edu.br\/reitora\/wp-content\/uploads\/sites\/30\/2020\/09\/WhatsApp-Image-2020-09-10-at-07.53.07-300x225.jpeg 300w, https:\/\/web.ifac.edu.br\/reitora\/wp-content\/uploads\/sites\/30\/2020\/09\/WhatsApp-Image-2020-09-10-at-07.53.07-768x576.jpeg 768w, https:\/\/web.ifac.edu.br\/reitora\/wp-content\/uploads\/sites\/30\/2020\/09\/WhatsApp-Image-2020-09-10-at-07.53.07-624x468.jpeg 624w, https:\/\/web.ifac.edu.br\/reitora\/wp-content\/uploads\/sites\/30\/2020\/09\/WhatsApp-Image-2020-09-10-at-07.53.07.jpeg 1280w\" sizes=\"(max-width: 625px) 100vw, 625px\" \/><\/p>\n<p>A campanha do Setembro Amarelo, que tem como objetivo conscientizar a sociedade sobre a preven\u00e7\u00e3o ao suic\u00eddio, torna-se ainda mais importante em um ano marcado por uma pandemia, em que quest\u00f5es ligadas \u00e0 sa\u00fade mental merecem uma aten\u00e7\u00e3o especial.<\/p>\n<p>A Organiza\u00e7\u00e3o Mundial de Sa\u00fade (ONU) sugeriu o dia 10 de setembro como data de preven\u00e7\u00e3o e combate ao suic\u00eddio. Desde ent\u00e3o, diversas campanhas s\u00e3o feitas em prol do Setembro Amarelo.<\/p>\n<p>Todos os anos, o Ifac busca aderir \u00e0 campanha e p<span class=\"text_exposed_show\">romover a\u00e7\u00f5es de conscientiza\u00e7\u00e3o e preven\u00e7\u00e3o ao suic\u00eddio no estado do Acre, al\u00e9m dos projetos de extens\u00e3o que s\u00e3o desenvolvidos nesta linha.<\/span><\/p>\n<div class=\"text_exposed_show\">\n<p>D\u00ea a voz a quem precisa de voc\u00ea. Conversar pode salvar vidas!<\/p>\n<\/div>\n","protected":false},"excerpt":{"rendered":"<p>A campanha do Setembro Amarelo, que tem como objetivo conscientizar a sociedade sobre a preven\u00e7\u00e3o ao suic\u00eddio, torna-se ainda mais importante em um ano marcado por uma pandemia, em que quest\u00f5es ligadas \u00e0 sa\u00fade mental merecem uma aten\u00e7\u00e3o especial. A Organiza\u00e7\u00e3o Mundial de Sa\u00fade (ONU) sugeriu o dia 10 de setembro como data de preven\u00e7\u00e3o [&hellip;]<\/p>\n","protected":false},"author":27,"featured_media":0,"comment_status":"closed","ping_status":"open","sticky":false,"template":"","format":"standard","meta":{"footnotes":""},"categories":[2],"tags":[],"class_list":["post-5082","post","type-post","status-publish","format-standard","hentry","category-noticias"],"_links":{"self":[{"href":"https:\/\/web.ifac.edu.br\/reitora\/wp-json\/wp\/v2\/posts\/5082","targetHints":{"allow":["GET"]}}],"collection":[{"href":"https:\/\/web.ifac.edu.br\/reitora\/wp-json\/wp\/v2\/posts"}],"about":[{"href":"https:\/\/web.ifac.edu.br\/reitora\/wp-json\/wp\/v2\/types\/post"}],"author":[{"embeddable":true,"href":"https:\/\/web.ifac.edu.br\/reitora\/wp-json\/wp\/v2\/users\/27"}],"replies":[{"embeddable":true,"href":"https:\/\/web.ifac.edu.br\/reitora\/wp-json\/wp\/v2\/comments?post=5082"}],"version-history":[{"count":0,"href":"https:\/\/web.ifac.edu.br\/reitora\/wp-json\/wp\/v2\/posts\/5082\/revisions"}],"wp:attachment":[{"href":"https:\/\/web.ifac.edu.br\/reitora\/wp-json\/wp\/v2\/media?parent=5082"}],"wp:term":[{"taxonomy":"category","embeddable":true,"href":"https:\/\/web.ifac.edu.br\/reitora\/wp-json\/wp\/v2\/categories?post=5082"},{"taxonomy":"post_tag","embeddable":true,"href":"https:\/\/web.ifac.edu.br\/reitora\/wp-json\/wp\/v2\/tags?post=5082"}],"curies":[{"name":"wp","href":"https:\/\/api.w.org\/{rel}","templated":true}]}}