{"id":4852,"date":"2020-02-19T07:58:06","date_gmt":"2020-02-19T10:58:06","guid":{"rendered":"http:\/\/web.ifac.edu.br\/reitora\/?p=4852"},"modified":"2020-02-19T10:44:29","modified_gmt":"2020-02-19T13:44:29","slug":"posse-como-vice-presidente-de-relacoes-parlamentares-do-conif","status":"publish","type":"post","link":"https:\/\/web.ifac.edu.br\/reitora\/2020\/02\/19\/posse-como-vice-presidente-de-relacoes-parlamentares-do-conif\/","title":{"rendered":"Posse da Diretoria Executiva do Conif 2020"},"content":{"rendered":"<p><img fetchpriority=\"high\" decoding=\"async\" class=\"aligncenter wp-image-4853 size-large\" src=\"https:\/\/web.ifac.edu.br\/reitora\/wp-content\/uploads\/sites\/30\/2020\/02\/WhatsApp-Image-2020-02-19-at-07.20.57-1024x934.jpeg\" alt=\"\" width=\"625\" height=\"570\" srcset=\"https:\/\/web.ifac.edu.br\/reitora\/wp-content\/uploads\/sites\/30\/2020\/02\/WhatsApp-Image-2020-02-19-at-07.20.57-1024x934.jpeg 1024w, https:\/\/web.ifac.edu.br\/reitora\/wp-content\/uploads\/sites\/30\/2020\/02\/WhatsApp-Image-2020-02-19-at-07.20.57-300x274.jpeg 300w, https:\/\/web.ifac.edu.br\/reitora\/wp-content\/uploads\/sites\/30\/2020\/02\/WhatsApp-Image-2020-02-19-at-07.20.57-768x701.jpeg 768w, https:\/\/web.ifac.edu.br\/reitora\/wp-content\/uploads\/sites\/30\/2020\/02\/WhatsApp-Image-2020-02-19-at-07.20.57-624x569.jpeg 624w, https:\/\/web.ifac.edu.br\/reitora\/wp-content\/uploads\/sites\/30\/2020\/02\/WhatsApp-Image-2020-02-19-at-07.20.57.jpeg 1276w\" sizes=\"(max-width: 625px) 100vw, 625px\" \/><\/p>\n<p>Poder representar o Instituto Federal do Acre (Ifac) e, nesse momento, tomar posse como vice-presidente de Rela\u00e7\u00f5es Parlamentares do Conif, sendo reeleita para esse cargo, me deixa ainda mais confiante sobre o trabalho que temos desenvolvido junto \u00e0 educa\u00e7\u00e3o p\u00fablica e \u00e0 Rede Federal. Acredito que atrav\u00e9s do ensino, da pesquisa e da extens\u00e3o podemos levar mais conhecimento para nossa sociedade.<\/p>\n<p>Durante o ano de 2019, desenvolvemos um trabalho atuante junto ao Congresso Nacional. Atrav\u00e9s de a\u00e7\u00f5es propositivas foi poss\u00edvel apresentar e fazer com os nossos senadores e deputados federais compreendessem um pouco mais sobre o que \u00e9 a Rede Federal, que trabalho \u00e9 desenvolvido em nossas unidades e qual a nossa estrutura. E esse trabalho vai continuar em 2020, de forma mais intensiva e com foco em pautar a\u00e7\u00f5es e projetos de interesse da educa\u00e7\u00e3o no Senado e C\u00e2mara Federal.<\/p>\n<p><img decoding=\"async\" class=\"aligncenter wp-image-4857 size-full\" src=\"https:\/\/web.ifac.edu.br\/reitora\/wp-content\/uploads\/sites\/30\/2020\/02\/WhatsApp-Image-2020-02-19-at-07.21.00-1.jpeg\" alt=\"\" width=\"1024\" height=\"768\" srcset=\"https:\/\/web.ifac.edu.br\/reitora\/wp-content\/uploads\/sites\/30\/2020\/02\/WhatsApp-Image-2020-02-19-at-07.21.00-1.jpeg 1024w, https:\/\/web.ifac.edu.br\/reitora\/wp-content\/uploads\/sites\/30\/2020\/02\/WhatsApp-Image-2020-02-19-at-07.21.00-1-300x225.jpeg 300w, https:\/\/web.ifac.edu.br\/reitora\/wp-content\/uploads\/sites\/30\/2020\/02\/WhatsApp-Image-2020-02-19-at-07.21.00-1-768x576.jpeg 768w, https:\/\/web.ifac.edu.br\/reitora\/wp-content\/uploads\/sites\/30\/2020\/02\/WhatsApp-Image-2020-02-19-at-07.21.00-1-624x468.jpeg 624w\" sizes=\"(max-width: 1024px) 100vw, 1024px\" \/><\/p>\n<p>Nessa ter\u00e7a-feira (18.02), tomei posse juntamente com os demais membros que v\u00e3o compor a nova Diretoria Executiva do Conif: Jadir Jos\u00e9 Padilha (presidente), Paulo Henrique Gomes de Lima (vice-presidente Administrativo), S\u00f4nia Regina de Souza Fernandes (vice-presidente de Assuntos Acad\u00eamicos) e Willian Silva de Paula (vice-presidente de Rela\u00e7\u00f5es Institucionais). A cerim\u00f4nia, que aconteceu em Bras\u00edlia, foi marcada por discursos em defesa da Rede Federal, da educa\u00e7\u00e3o e dos jovens.<\/p>\n<p><img decoding=\"async\" class=\"size-medium wp-image-4858 alignleft\" src=\"https:\/\/web.ifac.edu.br\/reitora\/wp-content\/uploads\/sites\/30\/2020\/02\/WhatsApp-Image-2020-02-19-at-07.21.01-225x300.jpeg\" alt=\"\" width=\"225\" height=\"300\" srcset=\"https:\/\/web.ifac.edu.br\/reitora\/wp-content\/uploads\/sites\/30\/2020\/02\/WhatsApp-Image-2020-02-19-at-07.21.01-225x300.jpeg 225w, https:\/\/web.ifac.edu.br\/reitora\/wp-content\/uploads\/sites\/30\/2020\/02\/WhatsApp-Image-2020-02-19-at-07.21.01-768x1024.jpeg 768w, https:\/\/web.ifac.edu.br\/reitora\/wp-content\/uploads\/sites\/30\/2020\/02\/WhatsApp-Image-2020-02-19-at-07.21.01-624x832.jpeg 624w, https:\/\/web.ifac.edu.br\/reitora\/wp-content\/uploads\/sites\/30\/2020\/02\/WhatsApp-Image-2020-02-19-at-07.21.01.jpeg 960w\" sizes=\"(max-width: 225px) 100vw, 225px\" \/>Aproveito a oportunidade para agradecer a todos que t\u00eam confiado em meu trabalho junto ao Conif, principalmente, os meus colegas reitores que acreditaram em minhas a\u00e7\u00f5es e contribu\u00edram para que eu retornasse a vice-presid\u00eancia. Minha gratid\u00e3o aos servidores e estudantes do Ifac, que t\u00eam nos orgulhado a cada dia com o trabalho em prol da educa\u00e7\u00e3o e conquistas para um futuro melhor. O meu muito obrigada aos parlamentares que t\u00eam apoiado a Rede Federal e trabalhado em defesa pela educa\u00e7\u00e3o, como o nosso senador S\u00e9rgio Petec\u00e3o. E por fim, agrade\u00e7o o secret\u00e1rio de Educa\u00e7\u00e3o Profissional e Tecnol\u00f3gica, Ariosto Culau, que sempre esteve dispon\u00edvel para ouvir e contribuir com as pautas da Rede Federal.<\/p>\n<p>&nbsp;<\/p>\n<p>&nbsp;<\/p>\n<p><img loading=\"lazy\" decoding=\"async\" class=\"alignnone size-medium wp-image-4856\" src=\"https:\/\/web.ifac.edu.br\/reitora\/wp-content\/uploads\/sites\/30\/2020\/02\/WhatsApp-Image-2020-02-19-at-07.21.00-300x225.jpeg\" alt=\"\" width=\"300\" height=\"225\" srcset=\"https:\/\/web.ifac.edu.br\/reitora\/wp-content\/uploads\/sites\/30\/2020\/02\/WhatsApp-Image-2020-02-19-at-07.21.00-300x225.jpeg 300w, https:\/\/web.ifac.edu.br\/reitora\/wp-content\/uploads\/sites\/30\/2020\/02\/WhatsApp-Image-2020-02-19-at-07.21.00-768x576.jpeg 768w, https:\/\/web.ifac.edu.br\/reitora\/wp-content\/uploads\/sites\/30\/2020\/02\/WhatsApp-Image-2020-02-19-at-07.21.00-624x468.jpeg 624w, https:\/\/web.ifac.edu.br\/reitora\/wp-content\/uploads\/sites\/30\/2020\/02\/WhatsApp-Image-2020-02-19-at-07.21.00.jpeg 1024w\" sizes=\"(max-width: 300px) 100vw, 300px\" \/> <img loading=\"lazy\" decoding=\"async\" class=\"alignnone size-medium wp-image-4855\" src=\"https:\/\/web.ifac.edu.br\/reitora\/wp-content\/uploads\/sites\/30\/2020\/02\/WhatsApp-Image-2020-02-19-at-07.20.59-300x225.jpeg\" alt=\"\" width=\"300\" height=\"225\" srcset=\"https:\/\/web.ifac.edu.br\/reitora\/wp-content\/uploads\/sites\/30\/2020\/02\/WhatsApp-Image-2020-02-19-at-07.20.59-300x225.jpeg 300w, https:\/\/web.ifac.edu.br\/reitora\/wp-content\/uploads\/sites\/30\/2020\/02\/WhatsApp-Image-2020-02-19-at-07.20.59-768x576.jpeg 768w, https:\/\/web.ifac.edu.br\/reitora\/wp-content\/uploads\/sites\/30\/2020\/02\/WhatsApp-Image-2020-02-19-at-07.20.59-624x468.jpeg 624w, https:\/\/web.ifac.edu.br\/reitora\/wp-content\/uploads\/sites\/30\/2020\/02\/WhatsApp-Image-2020-02-19-at-07.20.59.jpeg 1024w\" sizes=\"(max-width: 300px) 100vw, 300px\" \/><\/p>\n<p><img loading=\"lazy\" decoding=\"async\" class=\"alignnone size-medium wp-image-4854\" src=\"https:\/\/web.ifac.edu.br\/reitora\/wp-content\/uploads\/sites\/30\/2020\/02\/WhatsApp-Image-2020-02-19-at-07.20.58-300x225.jpeg\" alt=\"\" width=\"300\" height=\"225\" srcset=\"https:\/\/web.ifac.edu.br\/reitora\/wp-content\/uploads\/sites\/30\/2020\/02\/WhatsApp-Image-2020-02-19-at-07.20.58-300x225.jpeg 300w, https:\/\/web.ifac.edu.br\/reitora\/wp-content\/uploads\/sites\/30\/2020\/02\/WhatsApp-Image-2020-02-19-at-07.20.58-768x576.jpeg 768w, https:\/\/web.ifac.edu.br\/reitora\/wp-content\/uploads\/sites\/30\/2020\/02\/WhatsApp-Image-2020-02-19-at-07.20.58-624x468.jpeg 624w, https:\/\/web.ifac.edu.br\/reitora\/wp-content\/uploads\/sites\/30\/2020\/02\/WhatsApp-Image-2020-02-19-at-07.20.58.jpeg 1024w\" sizes=\"(max-width: 300px) 100vw, 300px\" \/> <img loading=\"lazy\" decoding=\"async\" class=\"alignnone size-medium wp-image-4859\" src=\"https:\/\/web.ifac.edu.br\/reitora\/wp-content\/uploads\/sites\/30\/2020\/02\/WhatsApp-Image-2020-02-19-at-07.21.01-1-300x225.jpeg\" alt=\"\" width=\"300\" height=\"225\" srcset=\"https:\/\/web.ifac.edu.br\/reitora\/wp-content\/uploads\/sites\/30\/2020\/02\/WhatsApp-Image-2020-02-19-at-07.21.01-1-300x225.jpeg 300w, https:\/\/web.ifac.edu.br\/reitora\/wp-content\/uploads\/sites\/30\/2020\/02\/WhatsApp-Image-2020-02-19-at-07.21.01-1-1024x768.jpeg 1024w, https:\/\/web.ifac.edu.br\/reitora\/wp-content\/uploads\/sites\/30\/2020\/02\/WhatsApp-Image-2020-02-19-at-07.21.01-1-768x576.jpeg 768w, https:\/\/web.ifac.edu.br\/reitora\/wp-content\/uploads\/sites\/30\/2020\/02\/WhatsApp-Image-2020-02-19-at-07.21.01-1-624x468.jpeg 624w, https:\/\/web.ifac.edu.br\/reitora\/wp-content\/uploads\/sites\/30\/2020\/02\/WhatsApp-Image-2020-02-19-at-07.21.01-1.jpeg 1280w\" sizes=\"(max-width: 300px) 100vw, 300px\" \/><\/p>\n","protected":false},"excerpt":{"rendered":"<p>Poder representar o Instituto Federal do Acre (Ifac) e, nesse momento, tomar posse como vice-presidente de Rela\u00e7\u00f5es Parlamentares do Conif, sendo reeleita para esse cargo, me deixa ainda mais confiante sobre o trabalho que temos desenvolvido junto \u00e0 educa\u00e7\u00e3o p\u00fablica e \u00e0 Rede Federal. Acredito que atrav\u00e9s do ensino, da pesquisa e da extens\u00e3o podemos [&hellip;]<\/p>\n","protected":false},"author":27,"featured_media":0,"comment_status":"closed","ping_status":"open","sticky":false,"template":"","format":"standard","meta":{"footnotes":""},"categories":[2],"tags":[],"class_list":["post-4852","post","type-post","status-publish","format-standard","hentry","category-noticias"],"_links":{"self":[{"href":"https:\/\/web.ifac.edu.br\/reitora\/wp-json\/wp\/v2\/posts\/4852","targetHints":{"allow":["GET"]}}],"collection":[{"href":"https:\/\/web.ifac.edu.br\/reitora\/wp-json\/wp\/v2\/posts"}],"about":[{"href":"https:\/\/web.ifac.edu.br\/reitora\/wp-json\/wp\/v2\/types\/post"}],"author":[{"embeddable":true,"href":"https:\/\/web.ifac.edu.br\/reitora\/wp-json\/wp\/v2\/users\/27"}],"replies":[{"embeddable":true,"href":"https:\/\/web.ifac.edu.br\/reitora\/wp-json\/wp\/v2\/comments?post=4852"}],"version-history":[{"count":0,"href":"https:\/\/web.ifac.edu.br\/reitora\/wp-json\/wp\/v2\/posts\/4852\/revisions"}],"wp:attachment":[{"href":"https:\/\/web.ifac.edu.br\/reitora\/wp-json\/wp\/v2\/media?parent=4852"}],"wp:term":[{"taxonomy":"category","embeddable":true,"href":"https:\/\/web.ifac.edu.br\/reitora\/wp-json\/wp\/v2\/categories?post=4852"},{"taxonomy":"post_tag","embeddable":true,"href":"https:\/\/web.ifac.edu.br\/reitora\/wp-json\/wp\/v2\/tags?post=4852"}],"curies":[{"name":"wp","href":"https:\/\/api.w.org\/{rel}","templated":true}]}}