{"id":4774,"date":"2019-10-25T14:25:18","date_gmt":"2019-10-25T17:25:18","guid":{"rendered":"http:\/\/web.ifac.edu.br\/reitora\/?p=4774"},"modified":"2019-10-25T16:26:53","modified_gmt":"2019-10-25T19:26:53","slug":"convite-para-lancamentos-de-livros","status":"publish","type":"post","link":"https:\/\/web.ifac.edu.br\/reitora\/2019\/10\/25\/convite-para-lancamentos-de-livros\/","title":{"rendered":"Convite para lan\u00e7amentos de livros"},"content":{"rendered":"<p><img fetchpriority=\"high\" decoding=\"async\" class=\"alignnone wp-image-4776 size-large\" src=\"https:\/\/web.ifac.edu.br\/reitora\/wp-content\/uploads\/sites\/30\/2019\/10\/DSC_0062-1024x683.jpg\" alt=\"\" width=\"625\" height=\"417\" srcset=\"https:\/\/web.ifac.edu.br\/reitora\/wp-content\/uploads\/sites\/30\/2019\/10\/DSC_0062-1024x683.jpg 1024w, https:\/\/web.ifac.edu.br\/reitora\/wp-content\/uploads\/sites\/30\/2019\/10\/DSC_0062-300x200.jpg 300w, https:\/\/web.ifac.edu.br\/reitora\/wp-content\/uploads\/sites\/30\/2019\/10\/DSC_0062-768x512.jpg 768w, https:\/\/web.ifac.edu.br\/reitora\/wp-content\/uploads\/sites\/30\/2019\/10\/DSC_0062-624x416.jpg 624w\" sizes=\"(max-width: 625px) 100vw, 625px\" \/><\/p>\n<p>Fechando a semana com convites para os lan\u00e7amentos dos livros &#8220;A outra face da colheita: Contos e Recontos&#8221;, da nossa servidora Cec\u00edlia Ugalde, e &#8220;Atalhos dos Sonhos&#8221;, da nossa estudante do campus Rio Branco, Luisa Timmerman.<\/p>\n<p><img decoding=\"async\" class=\"size-medium wp-image-4775 alignright\" src=\"https:\/\/web.ifac.edu.br\/reitora\/wp-content\/uploads\/sites\/30\/2019\/10\/DSC_0020-300x200.jpg\" alt=\"\" width=\"300\" height=\"200\" srcset=\"https:\/\/web.ifac.edu.br\/reitora\/wp-content\/uploads\/sites\/30\/2019\/10\/DSC_0020-300x200.jpg 300w, https:\/\/web.ifac.edu.br\/reitora\/wp-content\/uploads\/sites\/30\/2019\/10\/DSC_0020-768x512.jpg 768w, https:\/\/web.ifac.edu.br\/reitora\/wp-content\/uploads\/sites\/30\/2019\/10\/DSC_0020-1024x683.jpg 1024w, https:\/\/web.ifac.edu.br\/reitora\/wp-content\/uploads\/sites\/30\/2019\/10\/DSC_0020-624x416.jpg 624w\" sizes=\"(max-width: 300px) 100vw, 300px\" \/><\/p>\n<p>A obra da nossa servidora Cec\u00edlia Ugalde ser\u00e1 lan\u00e7ada nessa sexta-feira (25.10), a partir das 19h, no Sesc Centro. E a nossa estudante Luisa Timmerman, lan\u00e7ar\u00e1 seu primeiro livro no dia 22 de novembro, durante as atividades do IV Congresso de Ci\u00eancia e Tecnologia, no campus Rio Branco.<\/p>\n<p>Uma felicidade poder compartilhar esse momento t\u00e3o importante com voc\u00eas!\u00a0Que todos tenham oportunidade de apreciar essas bel\u00edssimas obras. Desejo sucesso e que cada vez mais possamos ampliar as produ\u00e7\u00f5es liter\u00e1rias acreanas. Parab\u00e9ns, Cec\u00edlia Ugalde e Luisa Timmerman.<\/p>\n","protected":false},"excerpt":{"rendered":"<p>Fechando a semana com convites para os lan\u00e7amentos dos livros &#8220;A outra face da colheita: Contos e Recontos&#8221;, da nossa servidora Cec\u00edlia Ugalde, e &#8220;Atalhos dos Sonhos&#8221;, da nossa estudante do campus Rio Branco, Luisa Timmerman. A obra da nossa servidora Cec\u00edlia Ugalde ser\u00e1 lan\u00e7ada nessa sexta-feira (25.10), a partir das 19h, no Sesc Centro. [&hellip;]<\/p>\n","protected":false},"author":27,"featured_media":0,"comment_status":"closed","ping_status":"open","sticky":false,"template":"","format":"standard","meta":{"footnotes":""},"categories":[2],"tags":[],"class_list":["post-4774","post","type-post","status-publish","format-standard","hentry","category-noticias"],"_links":{"self":[{"href":"https:\/\/web.ifac.edu.br\/reitora\/wp-json\/wp\/v2\/posts\/4774","targetHints":{"allow":["GET"]}}],"collection":[{"href":"https:\/\/web.ifac.edu.br\/reitora\/wp-json\/wp\/v2\/posts"}],"about":[{"href":"https:\/\/web.ifac.edu.br\/reitora\/wp-json\/wp\/v2\/types\/post"}],"author":[{"embeddable":true,"href":"https:\/\/web.ifac.edu.br\/reitora\/wp-json\/wp\/v2\/users\/27"}],"replies":[{"embeddable":true,"href":"https:\/\/web.ifac.edu.br\/reitora\/wp-json\/wp\/v2\/comments?post=4774"}],"version-history":[{"count":0,"href":"https:\/\/web.ifac.edu.br\/reitora\/wp-json\/wp\/v2\/posts\/4774\/revisions"}],"wp:attachment":[{"href":"https:\/\/web.ifac.edu.br\/reitora\/wp-json\/wp\/v2\/media?parent=4774"}],"wp:term":[{"taxonomy":"category","embeddable":true,"href":"https:\/\/web.ifac.edu.br\/reitora\/wp-json\/wp\/v2\/categories?post=4774"},{"taxonomy":"post_tag","embeddable":true,"href":"https:\/\/web.ifac.edu.br\/reitora\/wp-json\/wp\/v2\/tags?post=4774"}],"curies":[{"name":"wp","href":"https:\/\/api.w.org\/{rel}","templated":true}]}}