{"id":4754,"date":"2019-08-26T07:13:46","date_gmt":"2019-08-26T10:13:46","guid":{"rendered":"http:\/\/web.ifac.edu.br\/reitora\/?p=4754"},"modified":"2019-08-27T07:14:45","modified_gmt":"2019-08-27T10:14:45","slug":"entrevistas-ao-grupo-cidade","status":"publish","type":"post","link":"https:\/\/web.ifac.edu.br\/reitora\/2019\/08\/26\/entrevistas-ao-grupo-cidade\/","title":{"rendered":"Entrevistas ao Grupo Cidade"},"content":{"rendered":"<p><img fetchpriority=\"high\" decoding=\"async\" class=\"alignnone wp-image-4745 size-large\" src=\"https:\/\/web.ifac.edu.br\/reitora\/wp-content\/uploads\/sites\/30\/2019\/08\/WhatsApp-Image-2019-08-22-at-17.28.06-1024x768.jpeg\" alt=\"\" width=\"625\" height=\"469\" srcset=\"https:\/\/web.ifac.edu.br\/reitora\/wp-content\/uploads\/sites\/30\/2019\/08\/WhatsApp-Image-2019-08-22-at-17.28.06-1024x768.jpeg 1024w, https:\/\/web.ifac.edu.br\/reitora\/wp-content\/uploads\/sites\/30\/2019\/08\/WhatsApp-Image-2019-08-22-at-17.28.06-300x225.jpeg 300w, https:\/\/web.ifac.edu.br\/reitora\/wp-content\/uploads\/sites\/30\/2019\/08\/WhatsApp-Image-2019-08-22-at-17.28.06-768x576.jpeg 768w, https:\/\/web.ifac.edu.br\/reitora\/wp-content\/uploads\/sites\/30\/2019\/08\/WhatsApp-Image-2019-08-22-at-17.28.06-624x468.jpeg 624w, https:\/\/web.ifac.edu.br\/reitora\/wp-content\/uploads\/sites\/30\/2019\/08\/WhatsApp-Image-2019-08-22-at-17.28.06.jpeg 1280w\" sizes=\"(max-width: 625px) 100vw, 625px\" \/><\/p>\n<p>Somos uma institui\u00e7\u00e3o que tem se firmado no Acre, atrav\u00e9s de uma educa\u00e7\u00e3o p\u00fablica, gratuita, de qualidade, inclusiva e que preza pela ci\u00eancia e a tecnologia.<\/p>\n<p>Na \u00faltima quinta-feira (22.08), estive no Grupo Cidade falando um pouco sobre como o nosso Ifac tem trabalhado nos \u00faltimos meses, devido aos cortes or\u00e7ament\u00e1rios promovidos pelo Minist\u00e9rio da Educa\u00e7\u00e3o (MEC).<\/p>\n<p>Foi um momento muito importante e de mais esclarecimentos. Agrade\u00e7o a oportunidade, do Grupo Cidade, em nos ouvir e repassar mais informa\u00e7\u00f5es para a comunidade acreana.<\/p>\n<p><img decoding=\"async\" class=\"alignnone wp-image-4746 size-large\" src=\"https:\/\/web.ifac.edu.br\/reitora\/wp-content\/uploads\/sites\/30\/2019\/08\/WhatsApp-Image-2019-08-22-at-17.28.06-1-1024x1024.jpeg\" alt=\"\" width=\"625\" height=\"625\" srcset=\"https:\/\/web.ifac.edu.br\/reitora\/wp-content\/uploads\/sites\/30\/2019\/08\/WhatsApp-Image-2019-08-22-at-17.28.06-1-1024x1024.jpeg 1024w, https:\/\/web.ifac.edu.br\/reitora\/wp-content\/uploads\/sites\/30\/2019\/08\/WhatsApp-Image-2019-08-22-at-17.28.06-1-150x150.jpeg 150w, https:\/\/web.ifac.edu.br\/reitora\/wp-content\/uploads\/sites\/30\/2019\/08\/WhatsApp-Image-2019-08-22-at-17.28.06-1-300x300.jpeg 300w, https:\/\/web.ifac.edu.br\/reitora\/wp-content\/uploads\/sites\/30\/2019\/08\/WhatsApp-Image-2019-08-22-at-17.28.06-1-768x768.jpeg 768w, https:\/\/web.ifac.edu.br\/reitora\/wp-content\/uploads\/sites\/30\/2019\/08\/WhatsApp-Image-2019-08-22-at-17.28.06-1-624x624.jpeg 624w, https:\/\/web.ifac.edu.br\/reitora\/wp-content\/uploads\/sites\/30\/2019\/08\/WhatsApp-Image-2019-08-22-at-17.28.06-1.jpeg 1280w\" sizes=\"(max-width: 625px) 100vw, 625px\" \/><\/p>\n","protected":false},"excerpt":{"rendered":"<p>Somos uma institui\u00e7\u00e3o que tem se firmado no Acre, atrav\u00e9s de uma educa\u00e7\u00e3o p\u00fablica, gratuita, de qualidade, inclusiva e que preza pela ci\u00eancia e a tecnologia. Na \u00faltima quinta-feira (22.08), estive no Grupo Cidade falando um pouco sobre como o nosso Ifac tem trabalhado nos \u00faltimos meses, devido aos cortes or\u00e7ament\u00e1rios promovidos pelo Minist\u00e9rio da [&hellip;]<\/p>\n","protected":false},"author":27,"featured_media":0,"comment_status":"closed","ping_status":"open","sticky":false,"template":"","format":"standard","meta":{"footnotes":""},"categories":[2],"tags":[],"class_list":["post-4754","post","type-post","status-publish","format-standard","hentry","category-noticias"],"_links":{"self":[{"href":"https:\/\/web.ifac.edu.br\/reitora\/wp-json\/wp\/v2\/posts\/4754","targetHints":{"allow":["GET"]}}],"collection":[{"href":"https:\/\/web.ifac.edu.br\/reitora\/wp-json\/wp\/v2\/posts"}],"about":[{"href":"https:\/\/web.ifac.edu.br\/reitora\/wp-json\/wp\/v2\/types\/post"}],"author":[{"embeddable":true,"href":"https:\/\/web.ifac.edu.br\/reitora\/wp-json\/wp\/v2\/users\/27"}],"replies":[{"embeddable":true,"href":"https:\/\/web.ifac.edu.br\/reitora\/wp-json\/wp\/v2\/comments?post=4754"}],"version-history":[{"count":0,"href":"https:\/\/web.ifac.edu.br\/reitora\/wp-json\/wp\/v2\/posts\/4754\/revisions"}],"wp:attachment":[{"href":"https:\/\/web.ifac.edu.br\/reitora\/wp-json\/wp\/v2\/media?parent=4754"}],"wp:term":[{"taxonomy":"category","embeddable":true,"href":"https:\/\/web.ifac.edu.br\/reitora\/wp-json\/wp\/v2\/categories?post=4754"},{"taxonomy":"post_tag","embeddable":true,"href":"https:\/\/web.ifac.edu.br\/reitora\/wp-json\/wp\/v2\/tags?post=4754"}],"curies":[{"name":"wp","href":"https:\/\/api.w.org\/{rel}","templated":true}]}}