{"id":4687,"date":"2019-06-19T10:10:55","date_gmt":"2019-06-19T13:10:55","guid":{"rendered":"http:\/\/web.ifac.edu.br\/reitora\/?p=4687"},"modified":"2019-06-19T12:26:30","modified_gmt":"2019-06-19T15:26:30","slug":"reuniao-em-brasilia-para-cobrar-liberacao-do-bloqueio-orcamentario","status":"publish","type":"post","link":"https:\/\/web.ifac.edu.br\/reitora\/2019\/06\/19\/reuniao-em-brasilia-para-cobrar-liberacao-do-bloqueio-orcamentario\/","title":{"rendered":"Reuni\u00e3o em Bras\u00edlia para cobrar libera\u00e7\u00e3o do bloqueio or\u00e7ament\u00e1rio"},"content":{"rendered":"<p><img fetchpriority=\"high\" decoding=\"async\" class=\"alignnone wp-image-4690 size-full\" src=\"https:\/\/web.ifac.edu.br\/reitora\/wp-content\/uploads\/sites\/30\/2019\/06\/Reunio_ministro_bancada_2.jpeg\" alt=\"\" width=\"1280\" height=\"960\" srcset=\"https:\/\/web.ifac.edu.br\/reitora\/wp-content\/uploads\/sites\/30\/2019\/06\/Reunio_ministro_bancada_2.jpeg 1280w, https:\/\/web.ifac.edu.br\/reitora\/wp-content\/uploads\/sites\/30\/2019\/06\/Reunio_ministro_bancada_2-300x225.jpeg 300w, https:\/\/web.ifac.edu.br\/reitora\/wp-content\/uploads\/sites\/30\/2019\/06\/Reunio_ministro_bancada_2-768x576.jpeg 768w, https:\/\/web.ifac.edu.br\/reitora\/wp-content\/uploads\/sites\/30\/2019\/06\/Reunio_ministro_bancada_2-1024x768.jpeg 1024w, https:\/\/web.ifac.edu.br\/reitora\/wp-content\/uploads\/sites\/30\/2019\/06\/Reunio_ministro_bancada_2-624x468.jpeg 624w\" sizes=\"(max-width: 1280px) 100vw, 1280px\" \/><\/p>\n<p>Estive em Bras\u00edlia, nesta ter\u00e7a-feira (18.06), em mais reuni\u00e3o para cobrar a libera\u00e7\u00e3o dos recursos bloqueados pelo Minist\u00e9rio da Educa\u00e7\u00e3o. Junto com a reitora da Universidade Federal do Acre (Ufac), Guida Aquino, reforcei a import\u00e2ncia de termos dispon\u00edveis estes valores para que possamos dar continuidade em nossas atividades no Instituto Federal do Acre (Ifac).<\/p>\n<p><img decoding=\"async\" class=\"size-medium wp-image-4689 alignleft\" src=\"https:\/\/web.ifac.edu.br\/reitora\/wp-content\/uploads\/sites\/30\/2019\/06\/Reunio_ministro_bancada_4-300x200.jpeg\" alt=\"\" width=\"300\" height=\"200\" srcset=\"https:\/\/web.ifac.edu.br\/reitora\/wp-content\/uploads\/sites\/30\/2019\/06\/Reunio_ministro_bancada_4-300x200.jpeg 300w, https:\/\/web.ifac.edu.br\/reitora\/wp-content\/uploads\/sites\/30\/2019\/06\/Reunio_ministro_bancada_4-768x512.jpeg 768w, https:\/\/web.ifac.edu.br\/reitora\/wp-content\/uploads\/sites\/30\/2019\/06\/Reunio_ministro_bancada_4-1024x682.jpeg 1024w, https:\/\/web.ifac.edu.br\/reitora\/wp-content\/uploads\/sites\/30\/2019\/06\/Reunio_ministro_bancada_4-624x416.jpeg 624w, https:\/\/web.ifac.edu.br\/reitora\/wp-content\/uploads\/sites\/30\/2019\/06\/Reunio_ministro_bancada_4.jpeg 1280w\" sizes=\"(max-width: 300px) 100vw, 300px\" \/><\/p>\n<p>Durante o encontro, o ministro da Educa\u00e7\u00e3o (MEC), Abraham Weintraub, destacou que ir\u00e1 avaliar as demandas apresentadas. Aproveitei ainda a reuni\u00e3o p<span class=\"text_exposed_show\">ara refor\u00e7ar o quanto o bloqueio or\u00e7ament\u00e1rio tem prejudicado as institui\u00e7\u00f5es da Rede Federal, que tanto tem contribu\u00eddo para uma educa\u00e7\u00e3o de qualidade no pa\u00eds.<\/span><\/p>\n<div class=\"text_exposed_show\">\n<p>A reuni\u00e3o tamb\u00e9m contou com a participa\u00e7\u00e3o do secret\u00e1rio de Educa\u00e7\u00e3o Profissional e Tecnol\u00f3gica do Minist\u00e9rio da Educa\u00e7\u00e3o (Setec), Ariosto Antunes Culau, do secret\u00e1rio de Educa\u00e7\u00e3o Superior (Sesu), Arnaldo Barbosa de Lima J\u00fanior, o governador do Estado do Acre, Gladson Cameli, al\u00e9m dos deputados federais e senadores da bancada acreana.<\/p>\n<p><img decoding=\"async\" class=\"alignnone wp-image-4688 size-full\" src=\"https:\/\/web.ifac.edu.br\/reitora\/wp-content\/uploads\/sites\/30\/2019\/06\/Reunio_ministro_bancada_1.jpeg\" alt=\"\" width=\"1280\" height=\"853\" srcset=\"https:\/\/web.ifac.edu.br\/reitora\/wp-content\/uploads\/sites\/30\/2019\/06\/Reunio_ministro_bancada_1.jpeg 1280w, https:\/\/web.ifac.edu.br\/reitora\/wp-content\/uploads\/sites\/30\/2019\/06\/Reunio_ministro_bancada_1-300x200.jpeg 300w, https:\/\/web.ifac.edu.br\/reitora\/wp-content\/uploads\/sites\/30\/2019\/06\/Reunio_ministro_bancada_1-768x512.jpeg 768w, https:\/\/web.ifac.edu.br\/reitora\/wp-content\/uploads\/sites\/30\/2019\/06\/Reunio_ministro_bancada_1-1024x682.jpeg 1024w, https:\/\/web.ifac.edu.br\/reitora\/wp-content\/uploads\/sites\/30\/2019\/06\/Reunio_ministro_bancada_1-624x416.jpeg 624w\" sizes=\"(max-width: 1280px) 100vw, 1280px\" \/><\/p>\n<p>(<em>Fotos: Assessoria de Imprensa\/MEC)<\/em><\/p>\n<\/div>\n","protected":false},"excerpt":{"rendered":"<p>Estive em Bras\u00edlia, nesta ter\u00e7a-feira (18.06), em mais reuni\u00e3o para cobrar a libera\u00e7\u00e3o dos recursos bloqueados pelo Minist\u00e9rio da Educa\u00e7\u00e3o. Junto com a reitora da Universidade Federal do Acre (Ufac), Guida Aquino, reforcei a import\u00e2ncia de termos dispon\u00edveis estes valores para que possamos dar continuidade em nossas atividades no Instituto Federal do Acre (Ifac). Durante [&hellip;]<\/p>\n","protected":false},"author":27,"featured_media":0,"comment_status":"closed","ping_status":"open","sticky":false,"template":"","format":"standard","meta":{"footnotes":""},"categories":[2],"tags":[],"class_list":["post-4687","post","type-post","status-publish","format-standard","hentry","category-noticias"],"_links":{"self":[{"href":"https:\/\/web.ifac.edu.br\/reitora\/wp-json\/wp\/v2\/posts\/4687","targetHints":{"allow":["GET"]}}],"collection":[{"href":"https:\/\/web.ifac.edu.br\/reitora\/wp-json\/wp\/v2\/posts"}],"about":[{"href":"https:\/\/web.ifac.edu.br\/reitora\/wp-json\/wp\/v2\/types\/post"}],"author":[{"embeddable":true,"href":"https:\/\/web.ifac.edu.br\/reitora\/wp-json\/wp\/v2\/users\/27"}],"replies":[{"embeddable":true,"href":"https:\/\/web.ifac.edu.br\/reitora\/wp-json\/wp\/v2\/comments?post=4687"}],"version-history":[{"count":0,"href":"https:\/\/web.ifac.edu.br\/reitora\/wp-json\/wp\/v2\/posts\/4687\/revisions"}],"wp:attachment":[{"href":"https:\/\/web.ifac.edu.br\/reitora\/wp-json\/wp\/v2\/media?parent=4687"}],"wp:term":[{"taxonomy":"category","embeddable":true,"href":"https:\/\/web.ifac.edu.br\/reitora\/wp-json\/wp\/v2\/categories?post=4687"},{"taxonomy":"post_tag","embeddable":true,"href":"https:\/\/web.ifac.edu.br\/reitora\/wp-json\/wp\/v2\/tags?post=4687"}],"curies":[{"name":"wp","href":"https:\/\/api.w.org\/{rel}","templated":true}]}}