{"id":4450,"date":"2019-03-21T18:32:39","date_gmt":"2019-03-21T21:32:39","guid":{"rendered":"http:\/\/web.ifac.edu.br\/reitora\/?p=4450"},"modified":"2019-03-29T18:39:06","modified_gmt":"2019-03-29T21:39:06","slug":"caravanas-agroecologicas","status":"publish","type":"post","link":"https:\/\/web.ifac.edu.br\/reitora\/2019\/03\/21\/caravanas-agroecologicas\/","title":{"rendered":"Caravanas Agroecol\u00f3gicas"},"content":{"rendered":"<p><img fetchpriority=\"high\" decoding=\"async\" class=\"alignnone wp-image-4451 size-full\" src=\"https:\/\/web.ifac.edu.br\/reitora\/wp-content\/uploads\/sites\/30\/2019\/03\/55541934_1673812406251082_3584305385680404480_n.jpg\" alt=\"\" width=\"960\" height=\"720\" srcset=\"https:\/\/web.ifac.edu.br\/reitora\/wp-content\/uploads\/sites\/30\/2019\/03\/55541934_1673812406251082_3584305385680404480_n.jpg 960w, https:\/\/web.ifac.edu.br\/reitora\/wp-content\/uploads\/sites\/30\/2019\/03\/55541934_1673812406251082_3584305385680404480_n-300x225.jpg 300w, https:\/\/web.ifac.edu.br\/reitora\/wp-content\/uploads\/sites\/30\/2019\/03\/55541934_1673812406251082_3584305385680404480_n-768x576.jpg 768w, https:\/\/web.ifac.edu.br\/reitora\/wp-content\/uploads\/sites\/30\/2019\/03\/55541934_1673812406251082_3584305385680404480_n-624x468.jpg 624w\" sizes=\"(max-width: 960px) 100vw, 960px\" \/><\/p>\n<p>A Agroecologia \u00e9 mais do que uma \u00e1rea da minha forma\u00e7\u00e3o. \u00c9 tamb\u00e9m uma paix\u00e3o que cultivo diariamente. E no dia 21 de mar\u00e7o tive a oportunidade de estar no campus Avan\u00e7ado Baixada do Sol, juntamente com representantes de diversas institui\u00e7\u00f5es, para falar um pouco mais dessa tem\u00e1tica.<\/p>\n<p>Al\u00e9m disso, o evento tamb\u00e9m contou com uma constru\u00e7\u00e3o coletiva da programa\u00e7\u00e3o das Caravanas Agroecol\u00f3gicas e do En<span class=\"text_exposed_show\">contro de Agroecologia do Acre, que ser\u00e1 realizado entre os dias 09 a 16 de junho.<\/span><\/p>\n<p>Ao todo, ser\u00e3o quatro Caravanas Agroecol\u00f3gicas percorrendo e visitando territ\u00f3rios da agroecologia deste o interior do Estado at\u00e9 Rio Branco. A programa\u00e7\u00e3o contar\u00e1 tamb\u00e9m com mesa redonda, instala\u00e7\u00f5es pedag\u00f3gicas, apresenta\u00e7\u00f5es art\u00edsticas, grupos de trabalho e uma grande feira de alimentos.<\/p>\n","protected":false},"excerpt":{"rendered":"<p>A Agroecologia \u00e9 mais do que uma \u00e1rea da minha forma\u00e7\u00e3o. \u00c9 tamb\u00e9m uma paix\u00e3o que cultivo diariamente. E no dia 21 de mar\u00e7o tive a oportunidade de estar no campus Avan\u00e7ado Baixada do Sol, juntamente com representantes de diversas institui\u00e7\u00f5es, para falar um pouco mais dessa tem\u00e1tica. Al\u00e9m disso, o evento tamb\u00e9m contou com [&hellip;]<\/p>\n","protected":false},"author":27,"featured_media":0,"comment_status":"closed","ping_status":"open","sticky":false,"template":"","format":"standard","meta":{"footnotes":""},"categories":[2],"tags":[],"class_list":["post-4450","post","type-post","status-publish","format-standard","hentry","category-noticias"],"_links":{"self":[{"href":"https:\/\/web.ifac.edu.br\/reitora\/wp-json\/wp\/v2\/posts\/4450","targetHints":{"allow":["GET"]}}],"collection":[{"href":"https:\/\/web.ifac.edu.br\/reitora\/wp-json\/wp\/v2\/posts"}],"about":[{"href":"https:\/\/web.ifac.edu.br\/reitora\/wp-json\/wp\/v2\/types\/post"}],"author":[{"embeddable":true,"href":"https:\/\/web.ifac.edu.br\/reitora\/wp-json\/wp\/v2\/users\/27"}],"replies":[{"embeddable":true,"href":"https:\/\/web.ifac.edu.br\/reitora\/wp-json\/wp\/v2\/comments?post=4450"}],"version-history":[{"count":0,"href":"https:\/\/web.ifac.edu.br\/reitora\/wp-json\/wp\/v2\/posts\/4450\/revisions"}],"wp:attachment":[{"href":"https:\/\/web.ifac.edu.br\/reitora\/wp-json\/wp\/v2\/media?parent=4450"}],"wp:term":[{"taxonomy":"category","embeddable":true,"href":"https:\/\/web.ifac.edu.br\/reitora\/wp-json\/wp\/v2\/categories?post=4450"},{"taxonomy":"post_tag","embeddable":true,"href":"https:\/\/web.ifac.edu.br\/reitora\/wp-json\/wp\/v2\/tags?post=4450"}],"curies":[{"name":"wp","href":"https:\/\/api.w.org\/{rel}","templated":true}]}}