{"id":4403,"date":"2019-02-25T16:36:26","date_gmt":"2019-02-25T19:36:26","guid":{"rendered":"http:\/\/web.ifac.edu.br\/reitora\/?p=4403"},"modified":"2019-02-27T16:40:26","modified_gmt":"2019-02-27T19:40:26","slug":"entrega-de-equipamentos-em-sena-madureira","status":"publish","type":"post","link":"https:\/\/web.ifac.edu.br\/reitora\/2019\/02\/25\/entrega-de-equipamentos-em-sena-madureira\/","title":{"rendered":"Entrega de equipamentos em Sena Madureira"},"content":{"rendered":"<p><img fetchpriority=\"high\" decoding=\"async\" class=\"alignleft wp-image-4404 size-medium\" src=\"https:\/\/web.ifac.edu.br\/reitora\/wp-content\/uploads\/sites\/30\/2019\/02\/equipamentos_sena-1-169x300.jpg\" alt=\"\" width=\"169\" height=\"300\" srcset=\"https:\/\/web.ifac.edu.br\/reitora\/wp-content\/uploads\/sites\/30\/2019\/02\/equipamentos_sena-1-169x300.jpg 169w, https:\/\/web.ifac.edu.br\/reitora\/wp-content\/uploads\/sites\/30\/2019\/02\/equipamentos_sena-1.jpg 540w\" sizes=\"(max-width: 169px) 100vw, 169px\" \/><\/p>\n<p>Come\u00e7ando a semana com muito trabalho! Nesta segunda-feira (25.02), junto com a diretora geral do campus Sena Madureira, Italva Miranda, e a fisioterapeuta e servidora da Disgp, Roneres Costa, entreguei novos equipamentos ergon\u00f4micos e agendas institucionais para os servidores.<\/p>\n<p>Um momento muito bacana, pois nossos servidores tiveram tamb\u00e9m a oportunidade de receber orienta\u00e7\u00f5es sobre a utiliza\u00e7\u00e3o dos equipamentos e ainda instru\u00e7\u00f5es para um dia a dia de trabalho com mais sa\u00fade e qualidade.<\/p>\n<p><img decoding=\"async\" class=\"alignnone wp-image-4407 size-medium\" src=\"https:\/\/web.ifac.edu.br\/reitora\/wp-content\/uploads\/sites\/30\/2019\/02\/equipamentos_sena-4-169x300.jpg\" alt=\"\" width=\"169\" height=\"300\" srcset=\"https:\/\/web.ifac.edu.br\/reitora\/wp-content\/uploads\/sites\/30\/2019\/02\/equipamentos_sena-4-169x300.jpg 169w, https:\/\/web.ifac.edu.br\/reitora\/wp-content\/uploads\/sites\/30\/2019\/02\/equipamentos_sena-4.jpg 540w\" sizes=\"(max-width: 169px) 100vw, 169px\" \/> <img decoding=\"async\" class=\"alignnone wp-image-4406 size-medium\" src=\"https:\/\/web.ifac.edu.br\/reitora\/wp-content\/uploads\/sites\/30\/2019\/02\/equipamentos_sena-3-169x300.jpg\" alt=\"\" width=\"169\" height=\"300\" srcset=\"https:\/\/web.ifac.edu.br\/reitora\/wp-content\/uploads\/sites\/30\/2019\/02\/equipamentos_sena-3-169x300.jpg 169w, https:\/\/web.ifac.edu.br\/reitora\/wp-content\/uploads\/sites\/30\/2019\/02\/equipamentos_sena-3.jpg 540w\" sizes=\"(max-width: 169px) 100vw, 169px\" \/><\/p>\n","protected":false},"excerpt":{"rendered":"<p>Come\u00e7ando a semana com muito trabalho! Nesta segunda-feira (25.02), junto com a diretora geral do campus Sena Madureira, Italva Miranda, e a fisioterapeuta e servidora da Disgp, Roneres Costa, entreguei novos equipamentos ergon\u00f4micos e agendas institucionais para os servidores. Um momento muito bacana, pois nossos servidores tiveram tamb\u00e9m a oportunidade de receber orienta\u00e7\u00f5es sobre a [&hellip;]<\/p>\n","protected":false},"author":27,"featured_media":0,"comment_status":"closed","ping_status":"open","sticky":false,"template":"","format":"standard","meta":{"footnotes":""},"categories":[2],"tags":[],"class_list":["post-4403","post","type-post","status-publish","format-standard","hentry","category-noticias"],"_links":{"self":[{"href":"https:\/\/web.ifac.edu.br\/reitora\/wp-json\/wp\/v2\/posts\/4403","targetHints":{"allow":["GET"]}}],"collection":[{"href":"https:\/\/web.ifac.edu.br\/reitora\/wp-json\/wp\/v2\/posts"}],"about":[{"href":"https:\/\/web.ifac.edu.br\/reitora\/wp-json\/wp\/v2\/types\/post"}],"author":[{"embeddable":true,"href":"https:\/\/web.ifac.edu.br\/reitora\/wp-json\/wp\/v2\/users\/27"}],"replies":[{"embeddable":true,"href":"https:\/\/web.ifac.edu.br\/reitora\/wp-json\/wp\/v2\/comments?post=4403"}],"version-history":[{"count":0,"href":"https:\/\/web.ifac.edu.br\/reitora\/wp-json\/wp\/v2\/posts\/4403\/revisions"}],"wp:attachment":[{"href":"https:\/\/web.ifac.edu.br\/reitora\/wp-json\/wp\/v2\/media?parent=4403"}],"wp:term":[{"taxonomy":"category","embeddable":true,"href":"https:\/\/web.ifac.edu.br\/reitora\/wp-json\/wp\/v2\/categories?post=4403"},{"taxonomy":"post_tag","embeddable":true,"href":"https:\/\/web.ifac.edu.br\/reitora\/wp-json\/wp\/v2\/tags?post=4403"}],"curies":[{"name":"wp","href":"https:\/\/api.w.org\/{rel}","templated":true}]}}