{"id":4397,"date":"2019-02-20T16:30:40","date_gmt":"2019-02-20T19:30:40","guid":{"rendered":"http:\/\/web.ifac.edu.br\/reitora\/?p=4397"},"modified":"2019-02-27T16:35:15","modified_gmt":"2019-02-27T19:35:15","slug":"4397","status":"publish","type":"post","link":"https:\/\/web.ifac.edu.br\/reitora\/2019\/02\/20\/4397\/","title":{"rendered":"Reuni\u00e3o da Comiss\u00e3o de Educa\u00e7\u00e3o"},"content":{"rendered":"<p><img fetchpriority=\"high\" decoding=\"async\" class=\"alignnone wp-image-4400 size-full\" src=\"https:\/\/web.ifac.edu.br\/reitora\/wp-content\/uploads\/sites\/30\/2019\/02\/comissao_parlamentar_3.jpg\" alt=\"\" width=\"1280\" height=\"853\" srcset=\"https:\/\/web.ifac.edu.br\/reitora\/wp-content\/uploads\/sites\/30\/2019\/02\/comissao_parlamentar_3.jpg 1280w, https:\/\/web.ifac.edu.br\/reitora\/wp-content\/uploads\/sites\/30\/2019\/02\/comissao_parlamentar_3-300x200.jpg 300w, https:\/\/web.ifac.edu.br\/reitora\/wp-content\/uploads\/sites\/30\/2019\/02\/comissao_parlamentar_3-768x512.jpg 768w, https:\/\/web.ifac.edu.br\/reitora\/wp-content\/uploads\/sites\/30\/2019\/02\/comissao_parlamentar_3-1024x682.jpg 1024w, https:\/\/web.ifac.edu.br\/reitora\/wp-content\/uploads\/sites\/30\/2019\/02\/comissao_parlamentar_3-624x416.jpg 624w\" sizes=\"(max-width: 1280px) 100vw, 1280px\" \/><\/p>\n<p>E se em um dia a gente toma posse como vice-presidente de Rela\u00e7\u00f5es Parlamentares do Conselho Nacional das Institui\u00e7\u00f5es da Rede Federal de Educa\u00e7\u00e3o Profissional, Cient\u00edfica e Tecnol\u00f3gica (Conif), no outro j\u00e1 estamos representando o Conselho na reuni\u00e3o da Comiss\u00e3o de Educa\u00e7\u00e3o, na C\u00e2mara dos Deputados. O encontro foi realizado na tarde desta quarta-feira (20.02).<\/p>\n<p><img decoding=\"async\" class=\"alignnone size-medium wp-image-4399\" src=\"https:\/\/web.ifac.edu.br\/reitora\/wp-content\/uploads\/sites\/30\/2019\/02\/comissao_parlamentar_2-300x200.jpg\" alt=\"\" width=\"300\" height=\"200\" srcset=\"https:\/\/web.ifac.edu.br\/reitora\/wp-content\/uploads\/sites\/30\/2019\/02\/comissao_parlamentar_2-300x200.jpg 300w, https:\/\/web.ifac.edu.br\/reitora\/wp-content\/uploads\/sites\/30\/2019\/02\/comissao_parlamentar_2-768x512.jpg 768w, https:\/\/web.ifac.edu.br\/reitora\/wp-content\/uploads\/sites\/30\/2019\/02\/comissao_parlamentar_2-1024x682.jpg 1024w, https:\/\/web.ifac.edu.br\/reitora\/wp-content\/uploads\/sites\/30\/2019\/02\/comissao_parlamentar_2-624x416.jpg 624w, https:\/\/web.ifac.edu.br\/reitora\/wp-content\/uploads\/sites\/30\/2019\/02\/comissao_parlamentar_2.jpg 1280w\" sizes=\"(max-width: 300px) 100vw, 300px\" \/> <img decoding=\"async\" class=\"alignnone size-medium wp-image-4398\" src=\"https:\/\/web.ifac.edu.br\/reitora\/wp-content\/uploads\/sites\/30\/2019\/02\/comissao_parlamentar_1-300x200.jpg\" alt=\"\" width=\"300\" height=\"200\" srcset=\"https:\/\/web.ifac.edu.br\/reitora\/wp-content\/uploads\/sites\/30\/2019\/02\/comissao_parlamentar_1-300x200.jpg 300w, https:\/\/web.ifac.edu.br\/reitora\/wp-content\/uploads\/sites\/30\/2019\/02\/comissao_parlamentar_1-768x512.jpg 768w, https:\/\/web.ifac.edu.br\/reitora\/wp-content\/uploads\/sites\/30\/2019\/02\/comissao_parlamentar_1-1024x682.jpg 1024w, https:\/\/web.ifac.edu.br\/reitora\/wp-content\/uploads\/sites\/30\/2019\/02\/comissao_parlamentar_1-624x416.jpg 624w, https:\/\/web.ifac.edu.br\/reitora\/wp-content\/uploads\/sites\/30\/2019\/02\/comissao_parlamentar_1.jpg 1280w\" sizes=\"(max-width: 300px) 100vw, 300px\" \/><\/p>\n<p>A convite do presidente da referida comiss\u00e3o, o deputado Reginaldo Lopes (PT\/MG), reforcei que o Conif quer definir, nos pr\u00f3ximos meses, a pauta legislativa de interesse da Rede Federal, com a participa\u00e7\u00e3o de membros da Federa\u00e7\u00e3o Nacional de Estudantes do Ensino T\u00e9cnico (Fenat).<\/p>\n","protected":false},"excerpt":{"rendered":"<p>E se em um dia a gente toma posse como vice-presidente de Rela\u00e7\u00f5es Parlamentares do Conselho Nacional das Institui\u00e7\u00f5es da Rede Federal de Educa\u00e7\u00e3o Profissional, Cient\u00edfica e Tecnol\u00f3gica (Conif), no outro j\u00e1 estamos representando o Conselho na reuni\u00e3o da Comiss\u00e3o de Educa\u00e7\u00e3o, na C\u00e2mara dos Deputados. O encontro foi realizado na tarde desta quarta-feira (20.02). [&hellip;]<\/p>\n","protected":false},"author":27,"featured_media":0,"comment_status":"closed","ping_status":"open","sticky":false,"template":"","format":"standard","meta":{"footnotes":""},"categories":[2],"tags":[],"class_list":["post-4397","post","type-post","status-publish","format-standard","hentry","category-noticias"],"_links":{"self":[{"href":"https:\/\/web.ifac.edu.br\/reitora\/wp-json\/wp\/v2\/posts\/4397","targetHints":{"allow":["GET"]}}],"collection":[{"href":"https:\/\/web.ifac.edu.br\/reitora\/wp-json\/wp\/v2\/posts"}],"about":[{"href":"https:\/\/web.ifac.edu.br\/reitora\/wp-json\/wp\/v2\/types\/post"}],"author":[{"embeddable":true,"href":"https:\/\/web.ifac.edu.br\/reitora\/wp-json\/wp\/v2\/users\/27"}],"replies":[{"embeddable":true,"href":"https:\/\/web.ifac.edu.br\/reitora\/wp-json\/wp\/v2\/comments?post=4397"}],"version-history":[{"count":0,"href":"https:\/\/web.ifac.edu.br\/reitora\/wp-json\/wp\/v2\/posts\/4397\/revisions"}],"wp:attachment":[{"href":"https:\/\/web.ifac.edu.br\/reitora\/wp-json\/wp\/v2\/media?parent=4397"}],"wp:term":[{"taxonomy":"category","embeddable":true,"href":"https:\/\/web.ifac.edu.br\/reitora\/wp-json\/wp\/v2\/categories?post=4397"},{"taxonomy":"post_tag","embeddable":true,"href":"https:\/\/web.ifac.edu.br\/reitora\/wp-json\/wp\/v2\/tags?post=4397"}],"curies":[{"name":"wp","href":"https:\/\/api.w.org\/{rel}","templated":true}]}}