{"id":4388,"date":"2019-02-20T18:00:08","date_gmt":"2019-02-20T21:00:08","guid":{"rendered":"http:\/\/web.ifac.edu.br\/reitora\/?p=4388"},"modified":"2019-02-22T10:58:04","modified_gmt":"2019-02-22T13:58:04","slug":"vista-a-deputada-federal-perpetua-almeida","status":"publish","type":"post","link":"https:\/\/web.ifac.edu.br\/reitora\/2019\/02\/20\/vista-a-deputada-federal-perpetua-almeida\/","title":{"rendered":"Visita a deputada federal Perp\u00e9tua Almeida"},"content":{"rendered":"<p><img fetchpriority=\"high\" decoding=\"async\" class=\"alignnone wp-image-4389 size-full\" src=\"https:\/\/web.ifac.edu.br\/reitora\/wp-content\/uploads\/sites\/30\/2019\/02\/WhatsApp-Image-2019-02-21-at-09.05.30.jpeg\" alt=\"\" width=\"1280\" height=\"622\" srcset=\"https:\/\/web.ifac.edu.br\/reitora\/wp-content\/uploads\/sites\/30\/2019\/02\/WhatsApp-Image-2019-02-21-at-09.05.30.jpeg 1280w, https:\/\/web.ifac.edu.br\/reitora\/wp-content\/uploads\/sites\/30\/2019\/02\/WhatsApp-Image-2019-02-21-at-09.05.30-300x146.jpeg 300w, https:\/\/web.ifac.edu.br\/reitora\/wp-content\/uploads\/sites\/30\/2019\/02\/WhatsApp-Image-2019-02-21-at-09.05.30-768x373.jpeg 768w, https:\/\/web.ifac.edu.br\/reitora\/wp-content\/uploads\/sites\/30\/2019\/02\/WhatsApp-Image-2019-02-21-at-09.05.30-1024x498.jpeg 1024w, https:\/\/web.ifac.edu.br\/reitora\/wp-content\/uploads\/sites\/30\/2019\/02\/WhatsApp-Image-2019-02-21-at-09.05.30-624x303.jpeg 624w\" sizes=\"(max-width: 1280px) 100vw, 1280px\" \/><\/p>\n<p>Quando a equipe trabalha unida, as atividades acontecem sem nem mesmo a gente precisar estar presente. E na \u00faltima ter\u00e7a-feira (19.02), enquanto eu participava dos encontros junto ao Conselho\u00a0Nacional das Institui\u00e7\u00f5es da Rede Federal de Educa\u00e7\u00e3o Profissional, Cient\u00edfica e Tecnol\u00f3gica (Conif), a assessora especial da Reitoria, Girlen Nunes, o pr\u00f3-reitor de Extens\u00e3o, F\u00e1bio Storch, e o diretor de Comunica\u00e7\u00e3o do Ifac, Evaldo Ribeiro, visitaram a deputada federal Perp\u00e9tua Almeida em meu nome.<\/p>\n<p>Durante o encontro, que foi realizado no gabinete da parlamentar, a equipe apresentou a nossa institui\u00e7\u00e3o \u00e0 deputada federal, como tamb\u00e9m a convidou para conhecer os campi do Instituto Federal do Acre. Ao final da reuni\u00e3o, Perp\u00e9tua Almeida refor\u00e7ou seu compromisso em defender a educa\u00e7\u00e3o p\u00fablica, gratuita, de qualidade e para todos.<\/p>\n","protected":false},"excerpt":{"rendered":"<p>Quando a equipe trabalha unida, as atividades acontecem sem nem mesmo a gente precisar estar presente. E na \u00faltima ter\u00e7a-feira (19.02), enquanto eu participava dos encontros junto ao Conselho\u00a0Nacional das Institui\u00e7\u00f5es da Rede Federal de Educa\u00e7\u00e3o Profissional, Cient\u00edfica e Tecnol\u00f3gica (Conif), a assessora especial da Reitoria, Girlen Nunes, o pr\u00f3-reitor de Extens\u00e3o, F\u00e1bio Storch, e [&hellip;]<\/p>\n","protected":false},"author":27,"featured_media":0,"comment_status":"closed","ping_status":"open","sticky":false,"template":"","format":"standard","meta":{"footnotes":""},"categories":[2],"tags":[],"class_list":["post-4388","post","type-post","status-publish","format-standard","hentry","category-noticias"],"_links":{"self":[{"href":"https:\/\/web.ifac.edu.br\/reitora\/wp-json\/wp\/v2\/posts\/4388","targetHints":{"allow":["GET"]}}],"collection":[{"href":"https:\/\/web.ifac.edu.br\/reitora\/wp-json\/wp\/v2\/posts"}],"about":[{"href":"https:\/\/web.ifac.edu.br\/reitora\/wp-json\/wp\/v2\/types\/post"}],"author":[{"embeddable":true,"href":"https:\/\/web.ifac.edu.br\/reitora\/wp-json\/wp\/v2\/users\/27"}],"replies":[{"embeddable":true,"href":"https:\/\/web.ifac.edu.br\/reitora\/wp-json\/wp\/v2\/comments?post=4388"}],"version-history":[{"count":0,"href":"https:\/\/web.ifac.edu.br\/reitora\/wp-json\/wp\/v2\/posts\/4388\/revisions"}],"wp:attachment":[{"href":"https:\/\/web.ifac.edu.br\/reitora\/wp-json\/wp\/v2\/media?parent=4388"}],"wp:term":[{"taxonomy":"category","embeddable":true,"href":"https:\/\/web.ifac.edu.br\/reitora\/wp-json\/wp\/v2\/categories?post=4388"},{"taxonomy":"post_tag","embeddable":true,"href":"https:\/\/web.ifac.edu.br\/reitora\/wp-json\/wp\/v2\/tags?post=4388"}],"curies":[{"name":"wp","href":"https:\/\/api.w.org\/{rel}","templated":true}]}}