{"id":4369,"date":"2019-02-20T11:45:09","date_gmt":"2019-02-20T14:45:09","guid":{"rendered":"http:\/\/web.ifac.edu.br\/reitora\/?p=4369"},"modified":"2019-02-20T13:56:46","modified_gmt":"2019-02-20T16:56:46","slug":"posse-da-nova-diretoria-executiva-do-conif-2","status":"publish","type":"post","link":"https:\/\/web.ifac.edu.br\/reitora\/2019\/02\/20\/posse-da-nova-diretoria-executiva-do-conif-2\/","title":{"rendered":"Posse da nova diretoria Executiva do Conif"},"content":{"rendered":"<p><img fetchpriority=\"high\" decoding=\"async\" class=\"alignnone wp-image-4372 size-full\" src=\"https:\/\/web.ifac.edu.br\/reitora\/wp-content\/uploads\/sites\/30\/2019\/02\/WhatsApp-Image-2019-02-20-at-11.25.59.jpeg\" alt=\"\" width=\"1280\" height=\"853\" srcset=\"https:\/\/web.ifac.edu.br\/reitora\/wp-content\/uploads\/sites\/30\/2019\/02\/WhatsApp-Image-2019-02-20-at-11.25.59.jpeg 1280w, https:\/\/web.ifac.edu.br\/reitora\/wp-content\/uploads\/sites\/30\/2019\/02\/WhatsApp-Image-2019-02-20-at-11.25.59-300x200.jpeg 300w, https:\/\/web.ifac.edu.br\/reitora\/wp-content\/uploads\/sites\/30\/2019\/02\/WhatsApp-Image-2019-02-20-at-11.25.59-768x512.jpeg 768w, https:\/\/web.ifac.edu.br\/reitora\/wp-content\/uploads\/sites\/30\/2019\/02\/WhatsApp-Image-2019-02-20-at-11.25.59-1024x682.jpeg 1024w, https:\/\/web.ifac.edu.br\/reitora\/wp-content\/uploads\/sites\/30\/2019\/02\/WhatsApp-Image-2019-02-20-at-11.25.59-624x416.jpeg 624w\" sizes=\"(max-width: 1280px) 100vw, 1280px\" \/><\/p>\n<p>A noite desta ter\u00e7a-feira (19.02) foi muito importante para mim e tamb\u00e9m para o nosso Instituto Federal do Acre (Ifac). Pela primeira vez, faremos parte de uma diretoria executiva do Conselho Nacional das Institui\u00e7\u00f5es da Rede Federal de Educa\u00e7\u00e3o Profissional, Cient\u00edfica e Tecnol\u00f3gica (Conif). A cerim\u00f4nia, que foi realizada em Bras\u00edlia, contou com a posse dos novos membros da diretoria executiva, da qual fa\u00e7o parte como vice-presidente de Rela\u00e7\u00f5es Parlamentares.<\/p>\n<p>Um desafio que se inicia em 2019 e que estou muito grata por ter sido escolhida para enfrentar. Terei junto comigo, os reitores Jer\u00f4nimo Rodrigues da Silva (presidente), Virgilio Augusto Sales Araripe (vice-presidente de Administra\u00e7\u00e3o), Fl\u00e1vio Luis Barbosa Nunes (vice-presidente de Assuntos Acad\u00eamicos) e Marcelo Bregagnoli (vice-presidente de Rela\u00e7\u00f5es Institucionais), com os quais pretendo desenvolver um trabalho pautado pelo di\u00e1logo e interesses da Rede Federal.<\/p>\n<p><img decoding=\"async\" class=\"size-medium wp-image-4370 alignleft\" src=\"https:\/\/web.ifac.edu.br\/reitora\/wp-content\/uploads\/sites\/30\/2019\/02\/WhatsApp-Image-2019-02-20-at-11.25.54-300x200.jpeg\" alt=\"\" width=\"300\" height=\"200\" srcset=\"https:\/\/web.ifac.edu.br\/reitora\/wp-content\/uploads\/sites\/30\/2019\/02\/WhatsApp-Image-2019-02-20-at-11.25.54-300x200.jpeg 300w, https:\/\/web.ifac.edu.br\/reitora\/wp-content\/uploads\/sites\/30\/2019\/02\/WhatsApp-Image-2019-02-20-at-11.25.54-768x512.jpeg 768w, https:\/\/web.ifac.edu.br\/reitora\/wp-content\/uploads\/sites\/30\/2019\/02\/WhatsApp-Image-2019-02-20-at-11.25.54-1024x682.jpeg 1024w, https:\/\/web.ifac.edu.br\/reitora\/wp-content\/uploads\/sites\/30\/2019\/02\/WhatsApp-Image-2019-02-20-at-11.25.54-624x416.jpeg 624w, https:\/\/web.ifac.edu.br\/reitora\/wp-content\/uploads\/sites\/30\/2019\/02\/WhatsApp-Image-2019-02-20-at-11.25.54.jpeg 1280w\" sizes=\"(max-width: 300px) 100vw, 300px\" \/>Para mim \u00e9 uma honra fazer parte desta diretoria, que ter\u00e1 diversos desafios para superar este ano. Mas tenho certeza que com coragem e disposi\u00e7\u00e3o, vamos nos doar diariamente para esta miss\u00e3o. Pretendo ampliar o di\u00e1logo com o Congresso Nacional, al\u00e9m de levar aos parlamentares os interesses das institui\u00e7\u00f5es que comp\u00f5em a Rede Federal, como tamb\u00e9m desenvolverem atividades direcionadas pelo di\u00e1logo e em busca de resultados em prol da Educa\u00e7\u00e3o Profissional, Cient\u00edfica e Tecnol\u00f3gica.<\/p>\n<p>Participaram da solenidade o 1\u00ba secret\u00e1rio do Senado Federal, Senador S\u00e9rgio Petec\u00e3o, o prefeito de Cruzeiro do Sul, Ilderlei Cordeiro, e o primeiro-secret\u00e1rio da C\u00e2mara Municipal de Rio Branco, vereador Renilson Correia. Representando os gestores do Ifac e demais servidores, estiveram presentes os pr\u00f3-reitores de Ensino, Lucilene Belmiro Ac\u00e1cio, e de Extens\u00e3o, F\u00e1bio Storch de Oliveira, al\u00e9m da assessora especial da Reitoria, Girlen Nunes.<\/p>\n<p><img decoding=\"async\" class=\"alignnone wp-image-4371 size-medium\" src=\"https:\/\/web.ifac.edu.br\/reitora\/wp-content\/uploads\/sites\/30\/2019\/02\/WhatsApp-Image-2019-02-20-at-11.25.56-300x200.jpeg\" alt=\"\" width=\"300\" height=\"200\" srcset=\"https:\/\/web.ifac.edu.br\/reitora\/wp-content\/uploads\/sites\/30\/2019\/02\/WhatsApp-Image-2019-02-20-at-11.25.56-300x200.jpeg 300w, https:\/\/web.ifac.edu.br\/reitora\/wp-content\/uploads\/sites\/30\/2019\/02\/WhatsApp-Image-2019-02-20-at-11.25.56-768x512.jpeg 768w, https:\/\/web.ifac.edu.br\/reitora\/wp-content\/uploads\/sites\/30\/2019\/02\/WhatsApp-Image-2019-02-20-at-11.25.56-1024x682.jpeg 1024w, https:\/\/web.ifac.edu.br\/reitora\/wp-content\/uploads\/sites\/30\/2019\/02\/WhatsApp-Image-2019-02-20-at-11.25.56-624x416.jpeg 624w, https:\/\/web.ifac.edu.br\/reitora\/wp-content\/uploads\/sites\/30\/2019\/02\/WhatsApp-Image-2019-02-20-at-11.25.56.jpeg 1280w\" sizes=\"(max-width: 300px) 100vw, 300px\" \/> <img loading=\"lazy\" decoding=\"async\" class=\"alignnone wp-image-4373 size-medium\" src=\"https:\/\/web.ifac.edu.br\/reitora\/wp-content\/uploads\/sites\/30\/2019\/02\/WhatsApp-Image-2019-02-20-at-11.26.01-300x200.jpeg\" alt=\"\" width=\"300\" height=\"200\" srcset=\"https:\/\/web.ifac.edu.br\/reitora\/wp-content\/uploads\/sites\/30\/2019\/02\/WhatsApp-Image-2019-02-20-at-11.26.01-300x200.jpeg 300w, https:\/\/web.ifac.edu.br\/reitora\/wp-content\/uploads\/sites\/30\/2019\/02\/WhatsApp-Image-2019-02-20-at-11.26.01-768x512.jpeg 768w, https:\/\/web.ifac.edu.br\/reitora\/wp-content\/uploads\/sites\/30\/2019\/02\/WhatsApp-Image-2019-02-20-at-11.26.01-1024x682.jpeg 1024w, https:\/\/web.ifac.edu.br\/reitora\/wp-content\/uploads\/sites\/30\/2019\/02\/WhatsApp-Image-2019-02-20-at-11.26.01-624x416.jpeg 624w, https:\/\/web.ifac.edu.br\/reitora\/wp-content\/uploads\/sites\/30\/2019\/02\/WhatsApp-Image-2019-02-20-at-11.26.01.jpeg 1280w\" sizes=\"(max-width: 300px) 100vw, 300px\" \/><\/p>\n<p><img loading=\"lazy\" decoding=\"async\" class=\"alignnone size-medium wp-image-4374\" src=\"https:\/\/web.ifac.edu.br\/reitora\/wp-content\/uploads\/sites\/30\/2019\/02\/WhatsApp-Image-2019-02-20-at-11.26.02-300x200.jpeg\" alt=\"\" width=\"300\" height=\"200\" srcset=\"https:\/\/web.ifac.edu.br\/reitora\/wp-content\/uploads\/sites\/30\/2019\/02\/WhatsApp-Image-2019-02-20-at-11.26.02-300x200.jpeg 300w, https:\/\/web.ifac.edu.br\/reitora\/wp-content\/uploads\/sites\/30\/2019\/02\/WhatsApp-Image-2019-02-20-at-11.26.02-768x512.jpeg 768w, https:\/\/web.ifac.edu.br\/reitora\/wp-content\/uploads\/sites\/30\/2019\/02\/WhatsApp-Image-2019-02-20-at-11.26.02-1024x682.jpeg 1024w, https:\/\/web.ifac.edu.br\/reitora\/wp-content\/uploads\/sites\/30\/2019\/02\/WhatsApp-Image-2019-02-20-at-11.26.02-624x416.jpeg 624w, https:\/\/web.ifac.edu.br\/reitora\/wp-content\/uploads\/sites\/30\/2019\/02\/WhatsApp-Image-2019-02-20-at-11.26.02.jpeg 1280w\" sizes=\"(max-width: 300px) 100vw, 300px\" \/> <img loading=\"lazy\" decoding=\"async\" class=\"alignnone size-medium wp-image-4375\" src=\"https:\/\/web.ifac.edu.br\/reitora\/wp-content\/uploads\/sites\/30\/2019\/02\/WhatsApp-Image-2019-02-20-at-11.26.03-1-300x200.jpeg\" alt=\"\" width=\"300\" height=\"200\" srcset=\"https:\/\/web.ifac.edu.br\/reitora\/wp-content\/uploads\/sites\/30\/2019\/02\/WhatsApp-Image-2019-02-20-at-11.26.03-1-300x200.jpeg 300w, https:\/\/web.ifac.edu.br\/reitora\/wp-content\/uploads\/sites\/30\/2019\/02\/WhatsApp-Image-2019-02-20-at-11.26.03-1-768x512.jpeg 768w, https:\/\/web.ifac.edu.br\/reitora\/wp-content\/uploads\/sites\/30\/2019\/02\/WhatsApp-Image-2019-02-20-at-11.26.03-1.jpeg 1024w, https:\/\/web.ifac.edu.br\/reitora\/wp-content\/uploads\/sites\/30\/2019\/02\/WhatsApp-Image-2019-02-20-at-11.26.03-1-624x416.jpeg 624w\" sizes=\"(max-width: 300px) 100vw, 300px\" \/> <img loading=\"lazy\" decoding=\"async\" class=\"alignnone size-medium wp-image-4376\" src=\"https:\/\/web.ifac.edu.br\/reitora\/wp-content\/uploads\/sites\/30\/2019\/02\/WhatsApp-Image-2019-02-20-at-11.26.03-300x200.jpeg\" alt=\"\" width=\"300\" height=\"200\" srcset=\"https:\/\/web.ifac.edu.br\/reitora\/wp-content\/uploads\/sites\/30\/2019\/02\/WhatsApp-Image-2019-02-20-at-11.26.03-300x200.jpeg 300w, https:\/\/web.ifac.edu.br\/reitora\/wp-content\/uploads\/sites\/30\/2019\/02\/WhatsApp-Image-2019-02-20-at-11.26.03-768x512.jpeg 768w, https:\/\/web.ifac.edu.br\/reitora\/wp-content\/uploads\/sites\/30\/2019\/02\/WhatsApp-Image-2019-02-20-at-11.26.03-1024x682.jpeg 1024w, https:\/\/web.ifac.edu.br\/reitora\/wp-content\/uploads\/sites\/30\/2019\/02\/WhatsApp-Image-2019-02-20-at-11.26.03-624x416.jpeg 624w, https:\/\/web.ifac.edu.br\/reitora\/wp-content\/uploads\/sites\/30\/2019\/02\/WhatsApp-Image-2019-02-20-at-11.26.03.jpeg 1280w\" sizes=\"(max-width: 300px) 100vw, 300px\" \/> <img loading=\"lazy\" decoding=\"async\" class=\"alignnone size-medium wp-image-4377\" src=\"https:\/\/web.ifac.edu.br\/reitora\/wp-content\/uploads\/sites\/30\/2019\/02\/WhatsApp-Image-2019-02-20-at-11.26.04-300x200.jpeg\" alt=\"\" width=\"300\" height=\"200\" srcset=\"https:\/\/web.ifac.edu.br\/reitora\/wp-content\/uploads\/sites\/30\/2019\/02\/WhatsApp-Image-2019-02-20-at-11.26.04-300x200.jpeg 300w, https:\/\/web.ifac.edu.br\/reitora\/wp-content\/uploads\/sites\/30\/2019\/02\/WhatsApp-Image-2019-02-20-at-11.26.04-768x512.jpeg 768w, https:\/\/web.ifac.edu.br\/reitora\/wp-content\/uploads\/sites\/30\/2019\/02\/WhatsApp-Image-2019-02-20-at-11.26.04-1024x682.jpeg 1024w, https:\/\/web.ifac.edu.br\/reitora\/wp-content\/uploads\/sites\/30\/2019\/02\/WhatsApp-Image-2019-02-20-at-11.26.04-624x416.jpeg 624w, https:\/\/web.ifac.edu.br\/reitora\/wp-content\/uploads\/sites\/30\/2019\/02\/WhatsApp-Image-2019-02-20-at-11.26.04.jpeg 1280w\" sizes=\"(max-width: 300px) 100vw, 300px\" \/> <img loading=\"lazy\" decoding=\"async\" class=\"alignnone size-medium wp-image-4378\" src=\"https:\/\/web.ifac.edu.br\/reitora\/wp-content\/uploads\/sites\/30\/2019\/02\/WhatsApp-Image-2019-02-20-at-11.26.05-300x200.jpeg\" alt=\"\" width=\"300\" height=\"200\" srcset=\"https:\/\/web.ifac.edu.br\/reitora\/wp-content\/uploads\/sites\/30\/2019\/02\/WhatsApp-Image-2019-02-20-at-11.26.05-300x200.jpeg 300w, https:\/\/web.ifac.edu.br\/reitora\/wp-content\/uploads\/sites\/30\/2019\/02\/WhatsApp-Image-2019-02-20-at-11.26.05-768x512.jpeg 768w, https:\/\/web.ifac.edu.br\/reitora\/wp-content\/uploads\/sites\/30\/2019\/02\/WhatsApp-Image-2019-02-20-at-11.26.05-1024x682.jpeg 1024w, https:\/\/web.ifac.edu.br\/reitora\/wp-content\/uploads\/sites\/30\/2019\/02\/WhatsApp-Image-2019-02-20-at-11.26.05-624x416.jpeg 624w, https:\/\/web.ifac.edu.br\/reitora\/wp-content\/uploads\/sites\/30\/2019\/02\/WhatsApp-Image-2019-02-20-at-11.26.05.jpeg 1280w\" sizes=\"(max-width: 300px) 100vw, 300px\" \/> <img loading=\"lazy\" decoding=\"async\" class=\"alignnone size-medium wp-image-4379\" src=\"https:\/\/web.ifac.edu.br\/reitora\/wp-content\/uploads\/sites\/30\/2019\/02\/WhatsApp-Image-2019-02-20-at-11.26.11-300x200.jpeg\" alt=\"\" width=\"300\" height=\"200\" srcset=\"https:\/\/web.ifac.edu.br\/reitora\/wp-content\/uploads\/sites\/30\/2019\/02\/WhatsApp-Image-2019-02-20-at-11.26.11-300x200.jpeg 300w, https:\/\/web.ifac.edu.br\/reitora\/wp-content\/uploads\/sites\/30\/2019\/02\/WhatsApp-Image-2019-02-20-at-11.26.11-768x512.jpeg 768w, https:\/\/web.ifac.edu.br\/reitora\/wp-content\/uploads\/sites\/30\/2019\/02\/WhatsApp-Image-2019-02-20-at-11.26.11-1024x682.jpeg 1024w, https:\/\/web.ifac.edu.br\/reitora\/wp-content\/uploads\/sites\/30\/2019\/02\/WhatsApp-Image-2019-02-20-at-11.26.11-624x416.jpeg 624w, https:\/\/web.ifac.edu.br\/reitora\/wp-content\/uploads\/sites\/30\/2019\/02\/WhatsApp-Image-2019-02-20-at-11.26.11.jpeg 1280w\" sizes=\"(max-width: 300px) 100vw, 300px\" \/><\/p>\n","protected":false},"excerpt":{"rendered":"<p>A noite desta ter\u00e7a-feira (19.02) foi muito importante para mim e tamb\u00e9m para o nosso Instituto Federal do Acre (Ifac). Pela primeira vez, faremos parte de uma diretoria executiva do Conselho Nacional das Institui\u00e7\u00f5es da Rede Federal de Educa\u00e7\u00e3o Profissional, Cient\u00edfica e Tecnol\u00f3gica (Conif). A cerim\u00f4nia, que foi realizada em Bras\u00edlia, contou com a posse [&hellip;]<\/p>\n","protected":false},"author":27,"featured_media":0,"comment_status":"closed","ping_status":"open","sticky":false,"template":"","format":"standard","meta":{"footnotes":""},"categories":[2],"tags":[],"class_list":["post-4369","post","type-post","status-publish","format-standard","hentry","category-noticias"],"_links":{"self":[{"href":"https:\/\/web.ifac.edu.br\/reitora\/wp-json\/wp\/v2\/posts\/4369","targetHints":{"allow":["GET"]}}],"collection":[{"href":"https:\/\/web.ifac.edu.br\/reitora\/wp-json\/wp\/v2\/posts"}],"about":[{"href":"https:\/\/web.ifac.edu.br\/reitora\/wp-json\/wp\/v2\/types\/post"}],"author":[{"embeddable":true,"href":"https:\/\/web.ifac.edu.br\/reitora\/wp-json\/wp\/v2\/users\/27"}],"replies":[{"embeddable":true,"href":"https:\/\/web.ifac.edu.br\/reitora\/wp-json\/wp\/v2\/comments?post=4369"}],"version-history":[{"count":0,"href":"https:\/\/web.ifac.edu.br\/reitora\/wp-json\/wp\/v2\/posts\/4369\/revisions"}],"wp:attachment":[{"href":"https:\/\/web.ifac.edu.br\/reitora\/wp-json\/wp\/v2\/media?parent=4369"}],"wp:term":[{"taxonomy":"category","embeddable":true,"href":"https:\/\/web.ifac.edu.br\/reitora\/wp-json\/wp\/v2\/categories?post=4369"},{"taxonomy":"post_tag","embeddable":true,"href":"https:\/\/web.ifac.edu.br\/reitora\/wp-json\/wp\/v2\/tags?post=4369"}],"curies":[{"name":"wp","href":"https:\/\/api.w.org\/{rel}","templated":true}]}}