{"id":4363,"date":"2019-01-31T11:24:33","date_gmt":"2019-01-31T13:24:33","guid":{"rendered":"http:\/\/web.ifac.edu.br\/reitora\/?p=4363"},"modified":"2019-01-31T14:51:50","modified_gmt":"2019-01-31T16:51:50","slug":"posse-da-nova-diretoria-executiva-do-conif","status":"publish","type":"post","link":"https:\/\/web.ifac.edu.br\/reitora\/2019\/01\/31\/posse-da-nova-diretoria-executiva-do-conif\/","title":{"rendered":"Posse da nova Diretoria Executiva do Conif"},"content":{"rendered":"<p><img fetchpriority=\"high\" decoding=\"async\" class=\"alignnone wp-image-4364\" src=\"https:\/\/web.ifac.edu.br\/reitora\/wp-content\/uploads\/sites\/30\/2019\/01\/Convite-Posse-da-Nova-Diretoria-1024x724.jpg\" alt=\"\" width=\"800\" height=\"566\" srcset=\"https:\/\/web.ifac.edu.br\/reitora\/wp-content\/uploads\/sites\/30\/2019\/01\/Convite-Posse-da-Nova-Diretoria-1024x724.jpg 1024w, https:\/\/web.ifac.edu.br\/reitora\/wp-content\/uploads\/sites\/30\/2019\/01\/Convite-Posse-da-Nova-Diretoria-300x212.jpg 300w, https:\/\/web.ifac.edu.br\/reitora\/wp-content\/uploads\/sites\/30\/2019\/01\/Convite-Posse-da-Nova-Diretoria-768x543.jpg 768w, https:\/\/web.ifac.edu.br\/reitora\/wp-content\/uploads\/sites\/30\/2019\/01\/Convite-Posse-da-Nova-Diretoria-624x441.jpg 624w\" sizes=\"(max-width: 800px) 100vw, 800px\" \/><\/p>\n<p>2019 come\u00e7ou e nossas a\u00e7\u00f5es tamb\u00e9m. E para a primeira postagem deste ano, gostaria de convidar a todos para a posse da nova Diretoria Executiva do Conselho Nacional de Institui\u00e7\u00f5es da Rede Federal de Educa\u00e7\u00e3o Profissional, Cient\u00edfica e Tecnol\u00f3gica (Conif). O evento, que vai ser realizado no dia 19 de fevereiro, em Bras\u00edlia, ser\u00e1 muito importante para o Ifac, pois pela primeira vez a institui\u00e7\u00e3o integrar\u00e1 a Diretoria Executiva do Conif.<\/p>\n<p><img decoding=\"async\" class=\"size-medium wp-image-4365 alignleft\" src=\"https:\/\/web.ifac.edu.br\/reitora\/wp-content\/uploads\/sites\/30\/2019\/01\/diretoria_executiva_conif_2019-300x225.jpeg\" alt=\"\" width=\"300\" height=\"225\" srcset=\"https:\/\/web.ifac.edu.br\/reitora\/wp-content\/uploads\/sites\/30\/2019\/01\/diretoria_executiva_conif_2019-300x225.jpeg 300w, https:\/\/web.ifac.edu.br\/reitora\/wp-content\/uploads\/sites\/30\/2019\/01\/diretoria_executiva_conif_2019-768x576.jpeg 768w, https:\/\/web.ifac.edu.br\/reitora\/wp-content\/uploads\/sites\/30\/2019\/01\/diretoria_executiva_conif_2019-1024x768.jpeg 1024w, https:\/\/web.ifac.edu.br\/reitora\/wp-content\/uploads\/sites\/30\/2019\/01\/diretoria_executiva_conif_2019-624x468.jpeg 624w, https:\/\/web.ifac.edu.br\/reitora\/wp-content\/uploads\/sites\/30\/2019\/01\/diretoria_executiva_conif_2019.jpeg 1280w\" sizes=\"(max-width: 300px) 100vw, 300px\" \/><\/p>\n<p>Junto com a nova equipe gestora, fui eleita em dezembro de 2018 para o cargo de vice-presidente de Rela\u00e7\u00f5es Parlamentares. Com isso, a partir de fevereiro, passaremos a fazer parte da gest\u00e3o 2019 do Conif, juntamente, com os reitores Jer\u00f4nimo Rodrigues da Silva (IFG), que ser\u00e1 o presidente do Conif, Virg\u00edlio Augusto Sales Araripe (IFCE), que ocupar\u00e1 o cargo de vice-presidente de Administra\u00e7\u00e3o, Fl\u00e1vio Lu\u00eds Barbosa Nunes (IFSul) na vaga de vice-presidente de Assuntos Acad\u00eamicos, e Marcelo Bregagnoli (IFSul de Minas) no cargo de vice-presidente de Rela\u00e7\u00f5es Internacionais.<\/p>\n<p>Representar o Ifac junto \u00e0 nova diretoria do Conif \u00e9 motivo de muito orgulho. Tenho certeza que este \u00e9 um momento muito importante para nossa institui\u00e7\u00e3o, pois \u00e9 reflexo do trabalho que temos desenvolvido perante \u00e0 Rede Federal. E confirmo que nosso compromisso ser\u00e1 sempre em atuar por melhorias para a educa\u00e7\u00e3o profissional, cient\u00edfica e tecnol\u00f3gica no Brasil.<\/p>\n","protected":false},"excerpt":{"rendered":"<p>2019 come\u00e7ou e nossas a\u00e7\u00f5es tamb\u00e9m. E para a primeira postagem deste ano, gostaria de convidar a todos para a posse da nova Diretoria Executiva do Conselho Nacional de Institui\u00e7\u00f5es da Rede Federal de Educa\u00e7\u00e3o Profissional, Cient\u00edfica e Tecnol\u00f3gica (Conif). O evento, que vai ser realizado no dia 19 de fevereiro, em Bras\u00edlia, ser\u00e1 muito [&hellip;]<\/p>\n","protected":false},"author":27,"featured_media":0,"comment_status":"closed","ping_status":"open","sticky":false,"template":"","format":"standard","meta":{"footnotes":""},"categories":[2],"tags":[],"class_list":["post-4363","post","type-post","status-publish","format-standard","hentry","category-noticias"],"_links":{"self":[{"href":"https:\/\/web.ifac.edu.br\/reitora\/wp-json\/wp\/v2\/posts\/4363","targetHints":{"allow":["GET"]}}],"collection":[{"href":"https:\/\/web.ifac.edu.br\/reitora\/wp-json\/wp\/v2\/posts"}],"about":[{"href":"https:\/\/web.ifac.edu.br\/reitora\/wp-json\/wp\/v2\/types\/post"}],"author":[{"embeddable":true,"href":"https:\/\/web.ifac.edu.br\/reitora\/wp-json\/wp\/v2\/users\/27"}],"replies":[{"embeddable":true,"href":"https:\/\/web.ifac.edu.br\/reitora\/wp-json\/wp\/v2\/comments?post=4363"}],"version-history":[{"count":0,"href":"https:\/\/web.ifac.edu.br\/reitora\/wp-json\/wp\/v2\/posts\/4363\/revisions"}],"wp:attachment":[{"href":"https:\/\/web.ifac.edu.br\/reitora\/wp-json\/wp\/v2\/media?parent=4363"}],"wp:term":[{"taxonomy":"category","embeddable":true,"href":"https:\/\/web.ifac.edu.br\/reitora\/wp-json\/wp\/v2\/categories?post=4363"},{"taxonomy":"post_tag","embeddable":true,"href":"https:\/\/web.ifac.edu.br\/reitora\/wp-json\/wp\/v2\/tags?post=4363"}],"curies":[{"name":"wp","href":"https:\/\/api.w.org\/{rel}","templated":true}]}}