{"id":4357,"date":"2018-12-27T15:13:18","date_gmt":"2018-12-27T17:13:18","guid":{"rendered":"http:\/\/web.ifac.edu.br\/reitora\/?p=4357"},"modified":"2018-12-28T01:01:51","modified_gmt":"2018-12-28T03:01:51","slug":"feliz-natal-e-prospero-ano-novo","status":"publish","type":"post","link":"https:\/\/web.ifac.edu.br\/reitora\/2018\/12\/27\/feliz-natal-e-prospero-ano-novo\/","title":{"rendered":"Mensagem de Fim de Ano do Ifac"},"content":{"rendered":"\n<p>\u00c9 com esse sentimento de gratid\u00e3o que encerramos mais um ciclo. Que possamos continuar trabalhando com empenho e compromisso em fazer do Ifac uma institui\u00e7\u00e3o com cada vez mais qualidade e inclus\u00e3o.&nbsp;A todos, um pr\u00f3spero Ano Novo!<\/p>\n\n\n\n<p>\n<p><\/p><\/p>\n\n","protected":false},"excerpt":{"rendered":"<p>\u00c9 com esse sentimento de gratid\u00e3o que encerramos mais um ciclo. Que possamos continuar trabalhando com empenho e compromisso em fazer do Ifac uma institui\u00e7\u00e3o com cada vez mais qualidade e inclus\u00e3o.&nbsp;A todos, um pr\u00f3spero Ano Novo!<\/p>\n","protected":false},"author":27,"featured_media":0,"comment_status":"closed","ping_status":"open","sticky":false,"template":"","format":"standard","meta":{"footnotes":""},"categories":[2],"tags":[],"class_list":["post-4357","post","type-post","status-publish","format-standard","hentry","category-noticias"],"_links":{"self":[{"href":"https:\/\/web.ifac.edu.br\/reitora\/wp-json\/wp\/v2\/posts\/4357","targetHints":{"allow":["GET"]}}],"collection":[{"href":"https:\/\/web.ifac.edu.br\/reitora\/wp-json\/wp\/v2\/posts"}],"about":[{"href":"https:\/\/web.ifac.edu.br\/reitora\/wp-json\/wp\/v2\/types\/post"}],"author":[{"embeddable":true,"href":"https:\/\/web.ifac.edu.br\/reitora\/wp-json\/wp\/v2\/users\/27"}],"replies":[{"embeddable":true,"href":"https:\/\/web.ifac.edu.br\/reitora\/wp-json\/wp\/v2\/comments?post=4357"}],"version-history":[{"count":0,"href":"https:\/\/web.ifac.edu.br\/reitora\/wp-json\/wp\/v2\/posts\/4357\/revisions"}],"wp:attachment":[{"href":"https:\/\/web.ifac.edu.br\/reitora\/wp-json\/wp\/v2\/media?parent=4357"}],"wp:term":[{"taxonomy":"category","embeddable":true,"href":"https:\/\/web.ifac.edu.br\/reitora\/wp-json\/wp\/v2\/categories?post=4357"},{"taxonomy":"post_tag","embeddable":true,"href":"https:\/\/web.ifac.edu.br\/reitora\/wp-json\/wp\/v2\/tags?post=4357"}],"curies":[{"name":"wp","href":"https:\/\/api.w.org\/{rel}","templated":true}]}}