{"id":4335,"date":"2018-12-14T17:25:05","date_gmt":"2018-12-14T19:25:05","guid":{"rendered":"http:\/\/web.ifac.edu.br\/reitora\/?p=4335"},"modified":"2018-12-14T20:44:21","modified_gmt":"2018-12-14T22:44:21","slug":"titulo-de-colaborador-benemerito-do-ifac","status":"publish","type":"post","link":"https:\/\/web.ifac.edu.br\/reitora\/2018\/12\/14\/titulo-de-colaborador-benemerito-do-ifac\/","title":{"rendered":"T\u00edtulo de Colaborador Benem\u00e9rito do Ifac"},"content":{"rendered":"\n<figure class=\"wp-block-image is-resized\"><img fetchpriority=\"high\" decoding=\"async\" src=\"https:\/\/web.ifac.edu.br\/reitora\/wp-content\/uploads\/sites\/30\/2018\/12\/cafe_titulo-2-1024x546.jpg\" alt=\"\" class=\"wp-image-4336\" width=\"776\" height=\"413\" srcset=\"https:\/\/web.ifac.edu.br\/reitora\/wp-content\/uploads\/sites\/30\/2018\/12\/cafe_titulo-2-1024x546.jpg 1024w, https:\/\/web.ifac.edu.br\/reitora\/wp-content\/uploads\/sites\/30\/2018\/12\/cafe_titulo-2-300x160.jpg 300w, https:\/\/web.ifac.edu.br\/reitora\/wp-content\/uploads\/sites\/30\/2018\/12\/cafe_titulo-2-768x409.jpg 768w, https:\/\/web.ifac.edu.br\/reitora\/wp-content\/uploads\/sites\/30\/2018\/12\/cafe_titulo-2-624x332.jpg 624w\" sizes=\"(max-width: 776px) 100vw, 776px\" \/><\/figure>\n\n\n\n<p>Em 2018, o Ifac completou oito anos de cria\u00e7\u00e3o e nos \u00faltimos quatro anos, dos quais tenho atuado como reitora,temos trabalhado com afinco e dedica\u00e7\u00e3o para ofertar uma educa\u00e7\u00e3o p\u00fablica,gratuita, de qualidade e inclusiva.&nbsp;<\/p>\n\n\n\n<p>Hoje somos uma institui\u00e7\u00e3o com mais 7 mil estudantes e 700 servidores que trabalham e se dedicam diariamente. Contamos com 44 cursos ofertados entre t\u00e9cnicos, EaD e superiores, al\u00e9m de cursos de p\u00f3s-gradua\u00e7\u00e3o e mestrado profissional. <\/p>\n\n\n\n<p>Ao longo dos \u00faltimos anos,ofertamos para a popula\u00e7\u00e3o acreana, cerca de 20 mil vagas em cursos que est\u00e3o relacionados \u00e0s cadeias produtivas locais. Tudo tem sido trabalhado de forma a contribuir para melhorar a qualidade da vida da nossa comunidade, como tamb\u00e9m impulsionar o desenvolvimento do nosso Estado. <\/p>\n\n\n\n<p>E nossos avan\u00e7os e conquistas tamb\u00e9m contaram com parcerias e apoios importantes. Sem nossos parceiros, chegar t\u00e3o longe teria sido mais dif\u00edcil. <\/p>\n\n\n\n<p>Para agradecer o envolvimento e tamb\u00e9m por acreditar na educa\u00e7\u00e3o, nesta sexta-feira (14.12), realizamos a entrega do T\u00edtulo de Colaborador Benem\u00e9rito \u201cAmigo do Ifac\u201d aos parlamentares e autoridades que contribu\u00edram para os avan\u00e7os do Instituto. <\/p>\n\n\n\n<p>S\u00e3o apoios como estes que consolidam a presen\u00e7a do Ifac no Acre, como parte de uma rede, e que fazem nossa popula\u00e7\u00e3o perceber que o Ifac \u00e9 uma institui\u00e7\u00e3o refer\u00eancia no Estado,como tamb\u00e9m um espa\u00e7o que promove a mudan\u00e7a e preza pela qualidade educacional.<\/p>\n\n\n\n<ul class=\"wp-block-gallery columns-3 is-cropped wp-block-gallery-1 is-layout-flex wp-block-gallery-is-layout-flex\"><li class=\"blocks-gallery-item\"><figure><img decoding=\"async\" width=\"1024\" height=\"630\" src=\"https:\/\/web.ifac.edu.br\/reitora\/wp-content\/uploads\/sites\/30\/2018\/12\/DSC_0022-001-1024x630.jpg\" alt=\"\" data-id=\"4339\" data-link=\"https:\/\/web.ifac.edu.br\/reitora\/?attachment_id=4339\" class=\"wp-image-4339\" srcset=\"https:\/\/web.ifac.edu.br\/reitora\/wp-content\/uploads\/sites\/30\/2018\/12\/DSC_0022-001-1024x630.jpg 1024w, https:\/\/web.ifac.edu.br\/reitora\/wp-content\/uploads\/sites\/30\/2018\/12\/DSC_0022-001-300x185.jpg 300w, https:\/\/web.ifac.edu.br\/reitora\/wp-content\/uploads\/sites\/30\/2018\/12\/DSC_0022-001-768x473.jpg 768w, https:\/\/web.ifac.edu.br\/reitora\/wp-content\/uploads\/sites\/30\/2018\/12\/DSC_0022-001-624x384.jpg 624w\" sizes=\"(max-width: 1024px) 100vw, 1024px\" \/><\/figure><\/li><li class=\"blocks-gallery-item\"><figure><img decoding=\"async\" width=\"1024\" height=\"714\" src=\"https:\/\/web.ifac.edu.br\/reitora\/wp-content\/uploads\/sites\/30\/2018\/12\/DSC_0049-001-1024x714.jpg\" alt=\"\" data-id=\"4340\" data-link=\"https:\/\/web.ifac.edu.br\/reitora\/?attachment_id=4340\" class=\"wp-image-4340\" srcset=\"https:\/\/web.ifac.edu.br\/reitora\/wp-content\/uploads\/sites\/30\/2018\/12\/DSC_0049-001-1024x714.jpg 1024w, https:\/\/web.ifac.edu.br\/reitora\/wp-content\/uploads\/sites\/30\/2018\/12\/DSC_0049-001-300x209.jpg 300w, https:\/\/web.ifac.edu.br\/reitora\/wp-content\/uploads\/sites\/30\/2018\/12\/DSC_0049-001-768x535.jpg 768w, https:\/\/web.ifac.edu.br\/reitora\/wp-content\/uploads\/sites\/30\/2018\/12\/DSC_0049-001-624x435.jpg 624w\" sizes=\"(max-width: 1024px) 100vw, 1024px\" \/><\/figure><\/li><li class=\"blocks-gallery-item\"><figure><img loading=\"lazy\" decoding=\"async\" width=\"1024\" height=\"668\" src=\"https:\/\/web.ifac.edu.br\/reitora\/wp-content\/uploads\/sites\/30\/2018\/12\/DSC_0054-001-1024x668.jpg\" alt=\"\" data-id=\"4341\" data-link=\"https:\/\/web.ifac.edu.br\/reitora\/?attachment_id=4341\" class=\"wp-image-4341\" srcset=\"https:\/\/web.ifac.edu.br\/reitora\/wp-content\/uploads\/sites\/30\/2018\/12\/DSC_0054-001-1024x668.jpg 1024w, https:\/\/web.ifac.edu.br\/reitora\/wp-content\/uploads\/sites\/30\/2018\/12\/DSC_0054-001-300x196.jpg 300w, https:\/\/web.ifac.edu.br\/reitora\/wp-content\/uploads\/sites\/30\/2018\/12\/DSC_0054-001-768x501.jpg 768w, https:\/\/web.ifac.edu.br\/reitora\/wp-content\/uploads\/sites\/30\/2018\/12\/DSC_0054-001-624x407.jpg 624w\" sizes=\"(max-width: 1024px) 100vw, 1024px\" \/><\/figure><\/li><li class=\"blocks-gallery-item\"><figure><img loading=\"lazy\" decoding=\"async\" width=\"1024\" height=\"702\" src=\"https:\/\/web.ifac.edu.br\/reitora\/wp-content\/uploads\/sites\/30\/2018\/12\/DSC_0060-001-1024x702.jpg\" alt=\"\" data-id=\"4342\" data-link=\"https:\/\/web.ifac.edu.br\/reitora\/?attachment_id=4342\" class=\"wp-image-4342\" srcset=\"https:\/\/web.ifac.edu.br\/reitora\/wp-content\/uploads\/sites\/30\/2018\/12\/DSC_0060-001-1024x702.jpg 1024w, https:\/\/web.ifac.edu.br\/reitora\/wp-content\/uploads\/sites\/30\/2018\/12\/DSC_0060-001-300x206.jpg 300w, https:\/\/web.ifac.edu.br\/reitora\/wp-content\/uploads\/sites\/30\/2018\/12\/DSC_0060-001-768x526.jpg 768w, https:\/\/web.ifac.edu.br\/reitora\/wp-content\/uploads\/sites\/30\/2018\/12\/DSC_0060-001-624x428.jpg 624w\" sizes=\"(max-width: 1024px) 100vw, 1024px\" \/><\/figure><\/li><li class=\"blocks-gallery-item\"><figure><img loading=\"lazy\" decoding=\"async\" width=\"1024\" height=\"733\" src=\"https:\/\/web.ifac.edu.br\/reitora\/wp-content\/uploads\/sites\/30\/2018\/12\/DSC_0065-001-1024x733.jpg\" alt=\"\" data-id=\"4343\" data-link=\"https:\/\/web.ifac.edu.br\/reitora\/?attachment_id=4343\" class=\"wp-image-4343\" srcset=\"https:\/\/web.ifac.edu.br\/reitora\/wp-content\/uploads\/sites\/30\/2018\/12\/DSC_0065-001-1024x733.jpg 1024w, https:\/\/web.ifac.edu.br\/reitora\/wp-content\/uploads\/sites\/30\/2018\/12\/DSC_0065-001-300x215.jpg 300w, https:\/\/web.ifac.edu.br\/reitora\/wp-content\/uploads\/sites\/30\/2018\/12\/DSC_0065-001-768x549.jpg 768w, https:\/\/web.ifac.edu.br\/reitora\/wp-content\/uploads\/sites\/30\/2018\/12\/DSC_0065-001-624x446.jpg 624w\" sizes=\"(max-width: 1024px) 100vw, 1024px\" \/><\/figure><\/li><li class=\"blocks-gallery-item\"><figure><img loading=\"lazy\" decoding=\"async\" width=\"1024\" height=\"755\" src=\"https:\/\/web.ifac.edu.br\/reitora\/wp-content\/uploads\/sites\/30\/2018\/12\/DSC_0071-001-1024x755.jpg\" alt=\"\" data-id=\"4344\" data-link=\"https:\/\/web.ifac.edu.br\/reitora\/?attachment_id=4344\" class=\"wp-image-4344\" srcset=\"https:\/\/web.ifac.edu.br\/reitora\/wp-content\/uploads\/sites\/30\/2018\/12\/DSC_0071-001-1024x755.jpg 1024w, https:\/\/web.ifac.edu.br\/reitora\/wp-content\/uploads\/sites\/30\/2018\/12\/DSC_0071-001-300x221.jpg 300w, https:\/\/web.ifac.edu.br\/reitora\/wp-content\/uploads\/sites\/30\/2018\/12\/DSC_0071-001-768x566.jpg 768w, https:\/\/web.ifac.edu.br\/reitora\/wp-content\/uploads\/sites\/30\/2018\/12\/DSC_0071-001-624x460.jpg 624w\" sizes=\"(max-width: 1024px) 100vw, 1024px\" \/><\/figure><\/li><li class=\"blocks-gallery-item\"><figure><img loading=\"lazy\" decoding=\"async\" width=\"1024\" height=\"720\" src=\"https:\/\/web.ifac.edu.br\/reitora\/wp-content\/uploads\/sites\/30\/2018\/12\/DSC_0076-001-1024x720.jpg\" alt=\"\" data-id=\"4345\" data-link=\"https:\/\/web.ifac.edu.br\/reitora\/?attachment_id=4345\" class=\"wp-image-4345\" srcset=\"https:\/\/web.ifac.edu.br\/reitora\/wp-content\/uploads\/sites\/30\/2018\/12\/DSC_0076-001-1024x720.jpg 1024w, https:\/\/web.ifac.edu.br\/reitora\/wp-content\/uploads\/sites\/30\/2018\/12\/DSC_0076-001-300x211.jpg 300w, https:\/\/web.ifac.edu.br\/reitora\/wp-content\/uploads\/sites\/30\/2018\/12\/DSC_0076-001-768x540.jpg 768w, https:\/\/web.ifac.edu.br\/reitora\/wp-content\/uploads\/sites\/30\/2018\/12\/DSC_0076-001-624x439.jpg 624w\" sizes=\"(max-width: 1024px) 100vw, 1024px\" \/><\/figure><\/li><li class=\"blocks-gallery-item\"><figure><img loading=\"lazy\" decoding=\"async\" width=\"1024\" height=\"692\" src=\"https:\/\/web.ifac.edu.br\/reitora\/wp-content\/uploads\/sites\/30\/2018\/12\/DSC_0080-001-1024x692.jpg\" alt=\"\" data-id=\"4346\" data-link=\"https:\/\/web.ifac.edu.br\/reitora\/?attachment_id=4346\" class=\"wp-image-4346\" srcset=\"https:\/\/web.ifac.edu.br\/reitora\/wp-content\/uploads\/sites\/30\/2018\/12\/DSC_0080-001-1024x692.jpg 1024w, https:\/\/web.ifac.edu.br\/reitora\/wp-content\/uploads\/sites\/30\/2018\/12\/DSC_0080-001-300x203.jpg 300w, https:\/\/web.ifac.edu.br\/reitora\/wp-content\/uploads\/sites\/30\/2018\/12\/DSC_0080-001-768x519.jpg 768w, https:\/\/web.ifac.edu.br\/reitora\/wp-content\/uploads\/sites\/30\/2018\/12\/DSC_0080-001-624x422.jpg 624w\" sizes=\"(max-width: 1024px) 100vw, 1024px\" \/><\/figure><\/li><li class=\"blocks-gallery-item\"><figure><img loading=\"lazy\" decoding=\"async\" width=\"1024\" height=\"669\" src=\"https:\/\/web.ifac.edu.br\/reitora\/wp-content\/uploads\/sites\/30\/2018\/12\/DSC_0088-001-1024x669.jpg\" alt=\"\" data-id=\"4347\" data-link=\"https:\/\/web.ifac.edu.br\/reitora\/?attachment_id=4347\" class=\"wp-image-4347\" srcset=\"https:\/\/web.ifac.edu.br\/reitora\/wp-content\/uploads\/sites\/30\/2018\/12\/DSC_0088-001-1024x669.jpg 1024w, https:\/\/web.ifac.edu.br\/reitora\/wp-content\/uploads\/sites\/30\/2018\/12\/DSC_0088-001-300x196.jpg 300w, https:\/\/web.ifac.edu.br\/reitora\/wp-content\/uploads\/sites\/30\/2018\/12\/DSC_0088-001-768x502.jpg 768w, https:\/\/web.ifac.edu.br\/reitora\/wp-content\/uploads\/sites\/30\/2018\/12\/DSC_0088-001-624x408.jpg 624w\" sizes=\"(max-width: 1024px) 100vw, 1024px\" \/><\/figure><\/li><li class=\"blocks-gallery-item\"><figure><img loading=\"lazy\" decoding=\"async\" width=\"1024\" height=\"644\" src=\"https:\/\/web.ifac.edu.br\/reitora\/wp-content\/uploads\/sites\/30\/2018\/12\/DSC_0092-001-1024x644.jpg\" alt=\"\" data-id=\"4348\" data-link=\"https:\/\/web.ifac.edu.br\/reitora\/?attachment_id=4348\" class=\"wp-image-4348\" srcset=\"https:\/\/web.ifac.edu.br\/reitora\/wp-content\/uploads\/sites\/30\/2018\/12\/DSC_0092-001-1024x644.jpg 1024w, https:\/\/web.ifac.edu.br\/reitora\/wp-content\/uploads\/sites\/30\/2018\/12\/DSC_0092-001-300x189.jpg 300w, https:\/\/web.ifac.edu.br\/reitora\/wp-content\/uploads\/sites\/30\/2018\/12\/DSC_0092-001-768x483.jpg 768w, https:\/\/web.ifac.edu.br\/reitora\/wp-content\/uploads\/sites\/30\/2018\/12\/DSC_0092-001-624x392.jpg 624w\" sizes=\"(max-width: 1024px) 100vw, 1024px\" \/><\/figure><\/li><li class=\"blocks-gallery-item\"><figure><img loading=\"lazy\" decoding=\"async\" width=\"1024\" height=\"681\" src=\"https:\/\/web.ifac.edu.br\/reitora\/wp-content\/uploads\/sites\/30\/2018\/12\/DSC_0096-001-1024x681.jpg\" alt=\"\" data-id=\"4349\" data-link=\"https:\/\/web.ifac.edu.br\/reitora\/?attachment_id=4349\" class=\"wp-image-4349\" srcset=\"https:\/\/web.ifac.edu.br\/reitora\/wp-content\/uploads\/sites\/30\/2018\/12\/DSC_0096-001-1024x681.jpg 1024w, https:\/\/web.ifac.edu.br\/reitora\/wp-content\/uploads\/sites\/30\/2018\/12\/DSC_0096-001-300x200.jpg 300w, https:\/\/web.ifac.edu.br\/reitora\/wp-content\/uploads\/sites\/30\/2018\/12\/DSC_0096-001-768x511.jpg 768w, https:\/\/web.ifac.edu.br\/reitora\/wp-content\/uploads\/sites\/30\/2018\/12\/DSC_0096-001-624x415.jpg 624w\" sizes=\"(max-width: 1024px) 100vw, 1024px\" \/><\/figure><\/li><li class=\"blocks-gallery-item\"><figure><img loading=\"lazy\" decoding=\"async\" width=\"1024\" height=\"683\" src=\"https:\/\/web.ifac.edu.br\/reitora\/wp-content\/uploads\/sites\/30\/2018\/12\/DSC_0107-001-1024x683.jpg\" alt=\"\" data-id=\"4350\" data-link=\"https:\/\/web.ifac.edu.br\/reitora\/?attachment_id=4350\" class=\"wp-image-4350\" srcset=\"https:\/\/web.ifac.edu.br\/reitora\/wp-content\/uploads\/sites\/30\/2018\/12\/DSC_0107-001-1024x683.jpg 1024w, https:\/\/web.ifac.edu.br\/reitora\/wp-content\/uploads\/sites\/30\/2018\/12\/DSC_0107-001-300x200.jpg 300w, https:\/\/web.ifac.edu.br\/reitora\/wp-content\/uploads\/sites\/30\/2018\/12\/DSC_0107-001-768x512.jpg 768w, https:\/\/web.ifac.edu.br\/reitora\/wp-content\/uploads\/sites\/30\/2018\/12\/DSC_0107-001-624x416.jpg 624w\" sizes=\"(max-width: 1024px) 100vw, 1024px\" \/><figcaption>,<\/figcaption><\/figure><\/li><li class=\"blocks-gallery-item\"><figure><img loading=\"lazy\" decoding=\"async\" width=\"1024\" height=\"562\" src=\"https:\/\/web.ifac.edu.br\/reitora\/wp-content\/uploads\/sites\/30\/2018\/12\/DSC_0116-001-1024x562.jpg\" alt=\"\" data-id=\"4351\" data-link=\"https:\/\/web.ifac.edu.br\/reitora\/?attachment_id=4351\" class=\"wp-image-4351\" srcset=\"https:\/\/web.ifac.edu.br\/reitora\/wp-content\/uploads\/sites\/30\/2018\/12\/DSC_0116-001-1024x562.jpg 1024w, https:\/\/web.ifac.edu.br\/reitora\/wp-content\/uploads\/sites\/30\/2018\/12\/DSC_0116-001-300x165.jpg 300w, https:\/\/web.ifac.edu.br\/reitora\/wp-content\/uploads\/sites\/30\/2018\/12\/DSC_0116-001-768x422.jpg 768w, https:\/\/web.ifac.edu.br\/reitora\/wp-content\/uploads\/sites\/30\/2018\/12\/DSC_0116-001-624x343.jpg 624w\" sizes=\"(max-width: 1024px) 100vw, 1024px\" \/><\/figure><\/li><li class=\"blocks-gallery-item\"><figure><img loading=\"lazy\" decoding=\"async\" width=\"1024\" height=\"578\" src=\"https:\/\/web.ifac.edu.br\/reitora\/wp-content\/uploads\/sites\/30\/2018\/12\/DSC_0129-001-1024x578.jpg\" alt=\"\" data-id=\"4352\" data-link=\"https:\/\/web.ifac.edu.br\/reitora\/?attachment_id=4352\" class=\"wp-image-4352\" srcset=\"https:\/\/web.ifac.edu.br\/reitora\/wp-content\/uploads\/sites\/30\/2018\/12\/DSC_0129-001-1024x578.jpg 1024w, https:\/\/web.ifac.edu.br\/reitora\/wp-content\/uploads\/sites\/30\/2018\/12\/DSC_0129-001-300x169.jpg 300w, https:\/\/web.ifac.edu.br\/reitora\/wp-content\/uploads\/sites\/30\/2018\/12\/DSC_0129-001-768x434.jpg 768w, https:\/\/web.ifac.edu.br\/reitora\/wp-content\/uploads\/sites\/30\/2018\/12\/DSC_0129-001-624x352.jpg 624w\" sizes=\"(max-width: 1024px) 100vw, 1024px\" \/><\/figure><\/li><\/ul>\n","protected":false},"excerpt":{"rendered":"<p>Em 2018, o Ifac completou oito anos de cria\u00e7\u00e3o e nos \u00faltimos quatro anos, dos quais tenho atuado como reitora,temos trabalhado com afinco e dedica\u00e7\u00e3o para ofertar uma educa\u00e7\u00e3o p\u00fablica,gratuita, de qualidade e inclusiva.&nbsp; Hoje somos uma institui\u00e7\u00e3o com mais 7 mil estudantes e 700 servidores que trabalham e se dedicam diariamente. Contamos com 44 [&hellip;]<\/p>\n","protected":false},"author":35,"featured_media":0,"comment_status":"closed","ping_status":"open","sticky":false,"template":"","format":"standard","meta":{"footnotes":""},"categories":[2],"tags":[],"class_list":["post-4335","post","type-post","status-publish","format-standard","hentry","category-noticias"],"_links":{"self":[{"href":"https:\/\/web.ifac.edu.br\/reitora\/wp-json\/wp\/v2\/posts\/4335","targetHints":{"allow":["GET"]}}],"collection":[{"href":"https:\/\/web.ifac.edu.br\/reitora\/wp-json\/wp\/v2\/posts"}],"about":[{"href":"https:\/\/web.ifac.edu.br\/reitora\/wp-json\/wp\/v2\/types\/post"}],"author":[{"embeddable":true,"href":"https:\/\/web.ifac.edu.br\/reitora\/wp-json\/wp\/v2\/users\/35"}],"replies":[{"embeddable":true,"href":"https:\/\/web.ifac.edu.br\/reitora\/wp-json\/wp\/v2\/comments?post=4335"}],"version-history":[{"count":0,"href":"https:\/\/web.ifac.edu.br\/reitora\/wp-json\/wp\/v2\/posts\/4335\/revisions"}],"wp:attachment":[{"href":"https:\/\/web.ifac.edu.br\/reitora\/wp-json\/wp\/v2\/media?parent=4335"}],"wp:term":[{"taxonomy":"category","embeddable":true,"href":"https:\/\/web.ifac.edu.br\/reitora\/wp-json\/wp\/v2\/categories?post=4335"},{"taxonomy":"post_tag","embeddable":true,"href":"https:\/\/web.ifac.edu.br\/reitora\/wp-json\/wp\/v2\/tags?post=4335"}],"curies":[{"name":"wp","href":"https:\/\/api.w.org\/{rel}","templated":true}]}}