{"id":4326,"date":"2018-12-05T11:49:45","date_gmt":"2018-12-05T13:49:45","guid":{"rendered":"http:\/\/web.ifac.edu.br\/reitora\/?p=4326"},"modified":"2018-12-05T15:04:27","modified_gmt":"2018-12-05T17:04:27","slug":"ifac-na-nova-diretoria-executiva-do-conif","status":"publish","type":"post","link":"https:\/\/web.ifac.edu.br\/reitora\/2018\/12\/05\/ifac-na-nova-diretoria-executiva-do-conif\/","title":{"rendered":"Ifac na nova diretoria executiva do Conif"},"content":{"rendered":"<p><img fetchpriority=\"high\" decoding=\"async\" class=\"alignnone wp-image-4327 size-full\" src=\"https:\/\/web.ifac.edu.br\/reitora\/wp-content\/uploads\/sites\/30\/2018\/12\/diretoria_executiva_conif_2019.jpeg\" alt=\"\" width=\"1280\" height=\"960\" srcset=\"https:\/\/web.ifac.edu.br\/reitora\/wp-content\/uploads\/sites\/30\/2018\/12\/diretoria_executiva_conif_2019.jpeg 1280w, https:\/\/web.ifac.edu.br\/reitora\/wp-content\/uploads\/sites\/30\/2018\/12\/diretoria_executiva_conif_2019-300x225.jpeg 300w, https:\/\/web.ifac.edu.br\/reitora\/wp-content\/uploads\/sites\/30\/2018\/12\/diretoria_executiva_conif_2019-768x576.jpeg 768w, https:\/\/web.ifac.edu.br\/reitora\/wp-content\/uploads\/sites\/30\/2018\/12\/diretoria_executiva_conif_2019-1024x768.jpeg 1024w, https:\/\/web.ifac.edu.br\/reitora\/wp-content\/uploads\/sites\/30\/2018\/12\/diretoria_executiva_conif_2019-624x468.jpeg 624w\" sizes=\"(max-width: 1280px) 100vw, 1280px\" \/><\/p>\n<p>O crescimento do Instituto Federal do Acre (Ifac), como uma institui\u00e7\u00e3o da Rede Federal, tem sido vis\u00edvel a cada dia e nesta quarta-feira (05.12) avan\u00e7amos mais um passo. Pela primeira vez, o Ifac vai integrar a diretoria executiva do\u00a0Conselho Nacional das Institui\u00e7\u00f5es da Rede Federal de Educa\u00e7\u00e3o Profissional, Cient\u00edfica e Tecnol\u00f3gica (Conif).<\/p>\n<p>Atrav\u00e9s de uma nova elei\u00e7\u00e3o, fui escolhida como vice-presidente de Rela\u00e7\u00f5es Parlamentares, da diretoria executiva eleita para 2019. Um momento de muita alegria e gratid\u00e3o. Tenho certeza que, junto com os novos membros eleitos, me dedicarei a buscar cada vez mais melhorias para a nossa educa\u00e7\u00e3o.<\/p>\n<p>Quero ainda parabenizar a todos os novos membros e que juntos possamos desenvolver um trabalho pautado no planejamento, na participa\u00e7\u00e3o coletiva e dedicado \u00e0 buscar novas oportunidades para a Rede Federal.<\/p>\n","protected":false},"excerpt":{"rendered":"<p>O crescimento do Instituto Federal do Acre (Ifac), como uma institui\u00e7\u00e3o da Rede Federal, tem sido vis\u00edvel a cada dia e nesta quarta-feira (05.12) avan\u00e7amos mais um passo. Pela primeira vez, o Ifac vai integrar a diretoria executiva do\u00a0Conselho Nacional das Institui\u00e7\u00f5es da Rede Federal de Educa\u00e7\u00e3o Profissional, Cient\u00edfica e Tecnol\u00f3gica (Conif). Atrav\u00e9s de uma [&hellip;]<\/p>\n","protected":false},"author":27,"featured_media":0,"comment_status":"closed","ping_status":"open","sticky":false,"template":"","format":"standard","meta":{"footnotes":""},"categories":[2],"tags":[],"class_list":["post-4326","post","type-post","status-publish","format-standard","hentry","category-noticias"],"_links":{"self":[{"href":"https:\/\/web.ifac.edu.br\/reitora\/wp-json\/wp\/v2\/posts\/4326","targetHints":{"allow":["GET"]}}],"collection":[{"href":"https:\/\/web.ifac.edu.br\/reitora\/wp-json\/wp\/v2\/posts"}],"about":[{"href":"https:\/\/web.ifac.edu.br\/reitora\/wp-json\/wp\/v2\/types\/post"}],"author":[{"embeddable":true,"href":"https:\/\/web.ifac.edu.br\/reitora\/wp-json\/wp\/v2\/users\/27"}],"replies":[{"embeddable":true,"href":"https:\/\/web.ifac.edu.br\/reitora\/wp-json\/wp\/v2\/comments?post=4326"}],"version-history":[{"count":0,"href":"https:\/\/web.ifac.edu.br\/reitora\/wp-json\/wp\/v2\/posts\/4326\/revisions"}],"wp:attachment":[{"href":"https:\/\/web.ifac.edu.br\/reitora\/wp-json\/wp\/v2\/media?parent=4326"}],"wp:term":[{"taxonomy":"category","embeddable":true,"href":"https:\/\/web.ifac.edu.br\/reitora\/wp-json\/wp\/v2\/categories?post=4326"},{"taxonomy":"post_tag","embeddable":true,"href":"https:\/\/web.ifac.edu.br\/reitora\/wp-json\/wp\/v2\/tags?post=4326"}],"curies":[{"name":"wp","href":"https:\/\/api.w.org\/{rel}","templated":true}]}}