{"id":4323,"date":"2018-11-30T06:45:28","date_gmt":"2018-11-30T08:45:28","guid":{"rendered":"http:\/\/web.ifac.edu.br\/reitora\/?p=4323"},"modified":"2018-12-10T09:16:47","modified_gmt":"2018-12-10T11:16:47","slug":"entrevista-tv-gazeta","status":"publish","type":"post","link":"https:\/\/web.ifac.edu.br\/reitora\/2018\/11\/30\/entrevista-tv-gazeta\/","title":{"rendered":"Entrevista TV Gazeta"},"content":{"rendered":"<div style=\"width: 625px;\" class=\"wp-video\"><video class=\"wp-video-shortcode\" id=\"video-4323-1\" width=\"625\" height=\"344\" preload=\"metadata\" controls=\"controls\"><source type=\"video\/mp4\" src=\"https:\/\/web.ifac.edu.br\/reitora\/wp-content\/uploads\/sites\/30\/2018\/11\/WhatsApp-Video-2018-12-08-at-17.58.04.mp4?_=1\" \/><a href=\"https:\/\/web.ifac.edu.br\/reitora\/wp-content\/uploads\/sites\/30\/2018\/11\/WhatsApp-Video-2018-12-08-at-17.58.04.mp4\">https:\/\/web.ifac.edu.br\/reitora\/wp-content\/uploads\/sites\/30\/2018\/11\/WhatsApp-Video-2018-12-08-at-17.58.04.mp4<\/a><\/video><\/div>\n<p><img fetchpriority=\"high\" decoding=\"async\" class=\"alignnone wp-image-4324 size-full\" src=\"https:\/\/web.ifac.edu.br\/reitora\/wp-content\/uploads\/sites\/30\/2018\/11\/WhatsApp-Image-2018-11-28-at-18.10.19.jpeg\" alt=\"\" width=\"1280\" height=\"960\" srcset=\"https:\/\/web.ifac.edu.br\/reitora\/wp-content\/uploads\/sites\/30\/2018\/11\/WhatsApp-Image-2018-11-28-at-18.10.19.jpeg 1280w, https:\/\/web.ifac.edu.br\/reitora\/wp-content\/uploads\/sites\/30\/2018\/11\/WhatsApp-Image-2018-11-28-at-18.10.19-300x225.jpeg 300w, https:\/\/web.ifac.edu.br\/reitora\/wp-content\/uploads\/sites\/30\/2018\/11\/WhatsApp-Image-2018-11-28-at-18.10.19-768x576.jpeg 768w, https:\/\/web.ifac.edu.br\/reitora\/wp-content\/uploads\/sites\/30\/2018\/11\/WhatsApp-Image-2018-11-28-at-18.10.19-1024x768.jpeg 1024w, https:\/\/web.ifac.edu.br\/reitora\/wp-content\/uploads\/sites\/30\/2018\/11\/WhatsApp-Image-2018-11-28-at-18.10.19-624x468.jpeg 624w\" sizes=\"(max-width: 1280px) 100vw, 1280px\" \/><\/p>\n<p>Participei, na \u00faltima quarta-feira (28.11), do programa Gazeta Entrevista, que vem sendo apresentado pelo Itaan Arruda. Foi um momento importante, pois apresentamos \u00e0 popula\u00e7\u00e3o mais informa\u00e7\u00f5es sobre a Rede Federal, que em 2018 completa 10 anos de cria\u00e7\u00e3o, e tamb\u00e9m sobre os investimentos que o Ifac tem realizado nos \u00faltimos anos nas \u00e1reas do ensino, da pesquisa e da extens\u00e3o.<\/p>\n<p>Durante a conversa, tamb\u00e9m agradeci o apoio dos senadores e deputados federais, que fazem parte da bancada acreana em Bras\u00edlia, pela emenda impositiva no valor de R$ 10 milh\u00f5es, que ser\u00e3o aplicados na reforma do campus Avan\u00e7ado Baixada do Sol e na sede da Reitoria.<\/p>\n<p>Al\u00e9m disso, tive ainda a oportunidade de falar sobre o curso de condutor de Turismo Ecol\u00f3gico, que estamos desenvolvendo no Parque Nacional da Serra do Divisor, atrav\u00e9s dos docentes do campus Cruzeiro do Sul.<\/p>\n<p>Para assistir \u00e0 entrevista, \u00e9 s\u00f3 clicar no v\u00eddeo abaixo:<\/p>\n","protected":false},"excerpt":{"rendered":"<p>Participei, na \u00faltima quarta-feira (28.11), do programa Gazeta Entrevista, que vem sendo apresentado pelo Itaan Arruda. Foi um momento importante, pois apresentamos \u00e0 popula\u00e7\u00e3o mais informa\u00e7\u00f5es sobre a Rede Federal, que em 2018 completa 10 anos de cria\u00e7\u00e3o, e tamb\u00e9m sobre os investimentos que o Ifac tem realizado nos \u00faltimos anos nas \u00e1reas do ensino, [&hellip;]<\/p>\n","protected":false},"author":27,"featured_media":0,"comment_status":"closed","ping_status":"open","sticky":false,"template":"","format":"standard","meta":{"footnotes":""},"categories":[2],"tags":[],"class_list":["post-4323","post","type-post","status-publish","format-standard","hentry","category-noticias"],"_links":{"self":[{"href":"https:\/\/web.ifac.edu.br\/reitora\/wp-json\/wp\/v2\/posts\/4323","targetHints":{"allow":["GET"]}}],"collection":[{"href":"https:\/\/web.ifac.edu.br\/reitora\/wp-json\/wp\/v2\/posts"}],"about":[{"href":"https:\/\/web.ifac.edu.br\/reitora\/wp-json\/wp\/v2\/types\/post"}],"author":[{"embeddable":true,"href":"https:\/\/web.ifac.edu.br\/reitora\/wp-json\/wp\/v2\/users\/27"}],"replies":[{"embeddable":true,"href":"https:\/\/web.ifac.edu.br\/reitora\/wp-json\/wp\/v2\/comments?post=4323"}],"version-history":[{"count":0,"href":"https:\/\/web.ifac.edu.br\/reitora\/wp-json\/wp\/v2\/posts\/4323\/revisions"}],"wp:attachment":[{"href":"https:\/\/web.ifac.edu.br\/reitora\/wp-json\/wp\/v2\/media?parent=4323"}],"wp:term":[{"taxonomy":"category","embeddable":true,"href":"https:\/\/web.ifac.edu.br\/reitora\/wp-json\/wp\/v2\/categories?post=4323"},{"taxonomy":"post_tag","embeddable":true,"href":"https:\/\/web.ifac.edu.br\/reitora\/wp-json\/wp\/v2\/tags?post=4323"}],"curies":[{"name":"wp","href":"https:\/\/api.w.org\/{rel}","templated":true}]}}