{"id":4315,"date":"2018-11-29T10:21:11","date_gmt":"2018-11-29T12:21:11","guid":{"rendered":"http:\/\/web.ifac.edu.br\/reitora\/?p=4315"},"modified":"2018-11-29T13:12:03","modified_gmt":"2018-11-29T15:12:03","slug":"reuniao-com-dscom-e-entrega-de-certificados","status":"publish","type":"post","link":"https:\/\/web.ifac.edu.br\/reitora\/2018\/11\/29\/reuniao-com-dscom-e-entrega-de-certificados\/","title":{"rendered":"Reuni\u00e3o com Dscom e entrega de certificados"},"content":{"rendered":"<p><img fetchpriority=\"high\" decoding=\"async\" class=\"alignnone wp-image-4316 size-full\" src=\"https:\/\/web.ifac.edu.br\/reitora\/wp-content\/uploads\/sites\/30\/2018\/11\/WhatsApp-Image-2018-11-29-at-10.00.09.jpeg\" alt=\"\" width=\"1280\" height=\"962\" srcset=\"https:\/\/web.ifac.edu.br\/reitora\/wp-content\/uploads\/sites\/30\/2018\/11\/WhatsApp-Image-2018-11-29-at-10.00.09.jpeg 1280w, https:\/\/web.ifac.edu.br\/reitora\/wp-content\/uploads\/sites\/30\/2018\/11\/WhatsApp-Image-2018-11-29-at-10.00.09-300x225.jpeg 300w, https:\/\/web.ifac.edu.br\/reitora\/wp-content\/uploads\/sites\/30\/2018\/11\/WhatsApp-Image-2018-11-29-at-10.00.09-768x577.jpeg 768w, https:\/\/web.ifac.edu.br\/reitora\/wp-content\/uploads\/sites\/30\/2018\/11\/WhatsApp-Image-2018-11-29-at-10.00.09-1024x770.jpeg 1024w, https:\/\/web.ifac.edu.br\/reitora\/wp-content\/uploads\/sites\/30\/2018\/11\/WhatsApp-Image-2018-11-29-at-10.00.09-624x469.jpeg 624w\" sizes=\"(max-width: 1280px) 100vw, 1280px\" \/><\/p>\n<p>Para que um bom trabalho seja feito, \u00e9 preciso planejar, pensar o novo, focar em resultados. E nesta quarta-feira (28.11), me reuni com a equipe da Diretoria Sist\u00eamica de Comunica\u00e7\u00e3o (Dscom) para conhecer as pr\u00f3ximas a\u00e7\u00f5es e produtos que ser\u00e3o implementados na institui\u00e7\u00e3o.<\/p>\n<p>As atividades, que j\u00e1 come\u00e7am a ser realizadas nos primeiros meses de 2019, est\u00e3o sendo constru\u00eddas para levar mais informa\u00e7\u00e3o e tamb\u00e9m para fortalecer o trabalho do Ifac junto aos servidores, estudantes e comunidade.<\/p>\n<p>Na oportunidade, tamb\u00e9m entreguei os certificados de capacita\u00e7\u00e3o na \u00e1rea de Planejamento de Comunica\u00e7\u00e3o. O curso, que foi realizado por todos os servidores da Dscom, foi ministrado em parceria com o Minist\u00e9rio da Educa\u00e7\u00e3o (MEC) e Conselho Nacional das Institui\u00e7\u00f5es da Rede Federal de Educa\u00e7\u00e3o Profissional, Cient\u00edfica e Tecnol\u00f3gica (Conif), atrav\u00e9s da rela\u00e7\u00f5es p\u00fablicas N\u00e1dia Garlet e da jornalista Lena Marinho.<\/p>\n","protected":false},"excerpt":{"rendered":"<p>Para que um bom trabalho seja feito, \u00e9 preciso planejar, pensar o novo, focar em resultados. E nesta quarta-feira (28.11), me reuni com a equipe da Diretoria Sist\u00eamica de Comunica\u00e7\u00e3o (Dscom) para conhecer as pr\u00f3ximas a\u00e7\u00f5es e produtos que ser\u00e3o implementados na institui\u00e7\u00e3o. As atividades, que j\u00e1 come\u00e7am a ser realizadas nos primeiros meses de [&hellip;]<\/p>\n","protected":false},"author":27,"featured_media":0,"comment_status":"closed","ping_status":"open","sticky":false,"template":"","format":"standard","meta":{"footnotes":""},"categories":[2],"tags":[],"class_list":["post-4315","post","type-post","status-publish","format-standard","hentry","category-noticias"],"_links":{"self":[{"href":"https:\/\/web.ifac.edu.br\/reitora\/wp-json\/wp\/v2\/posts\/4315","targetHints":{"allow":["GET"]}}],"collection":[{"href":"https:\/\/web.ifac.edu.br\/reitora\/wp-json\/wp\/v2\/posts"}],"about":[{"href":"https:\/\/web.ifac.edu.br\/reitora\/wp-json\/wp\/v2\/types\/post"}],"author":[{"embeddable":true,"href":"https:\/\/web.ifac.edu.br\/reitora\/wp-json\/wp\/v2\/users\/27"}],"replies":[{"embeddable":true,"href":"https:\/\/web.ifac.edu.br\/reitora\/wp-json\/wp\/v2\/comments?post=4315"}],"version-history":[{"count":0,"href":"https:\/\/web.ifac.edu.br\/reitora\/wp-json\/wp\/v2\/posts\/4315\/revisions"}],"wp:attachment":[{"href":"https:\/\/web.ifac.edu.br\/reitora\/wp-json\/wp\/v2\/media?parent=4315"}],"wp:term":[{"taxonomy":"category","embeddable":true,"href":"https:\/\/web.ifac.edu.br\/reitora\/wp-json\/wp\/v2\/categories?post=4315"},{"taxonomy":"post_tag","embeddable":true,"href":"https:\/\/web.ifac.edu.br\/reitora\/wp-json\/wp\/v2\/tags?post=4315"}],"curies":[{"name":"wp","href":"https:\/\/api.w.org\/{rel}","templated":true}]}}