{"id":4293,"date":"2018-11-20T12:42:50","date_gmt":"2018-11-20T14:42:50","guid":{"rendered":"http:\/\/web.ifac.edu.br\/reitora\/?p=4293"},"modified":"2018-11-21T10:39:36","modified_gmt":"2018-11-21T12:39:36","slug":"curso-de-condutor-de-turismo-ecologico-na-serra-do-divisor","status":"publish","type":"post","link":"https:\/\/web.ifac.edu.br\/reitora\/2018\/11\/20\/curso-de-condutor-de-turismo-ecologico-na-serra-do-divisor\/","title":{"rendered":"Curso de Condutor de Turismo Ecol\u00f3gico na Serra do Divisor"},"content":{"rendered":"<p><img fetchpriority=\"high\" decoding=\"async\" class=\"alignnone wp-image-4300 size-large\" src=\"https:\/\/web.ifac.edu.br\/reitora\/wp-content\/uploads\/sites\/30\/2018\/11\/WhatsApp-Image-2018-11-21-at-07.32.38-1024x683.jpeg\" alt=\"\" width=\"625\" height=\"417\" srcset=\"https:\/\/web.ifac.edu.br\/reitora\/wp-content\/uploads\/sites\/30\/2018\/11\/WhatsApp-Image-2018-11-21-at-07.32.38-1024x683.jpeg 1024w, https:\/\/web.ifac.edu.br\/reitora\/wp-content\/uploads\/sites\/30\/2018\/11\/WhatsApp-Image-2018-11-21-at-07.32.38-300x200.jpeg 300w, https:\/\/web.ifac.edu.br\/reitora\/wp-content\/uploads\/sites\/30\/2018\/11\/WhatsApp-Image-2018-11-21-at-07.32.38-768x512.jpeg 768w, https:\/\/web.ifac.edu.br\/reitora\/wp-content\/uploads\/sites\/30\/2018\/11\/WhatsApp-Image-2018-11-21-at-07.32.38-624x416.jpeg 624w, https:\/\/web.ifac.edu.br\/reitora\/wp-content\/uploads\/sites\/30\/2018\/11\/WhatsApp-Image-2018-11-21-at-07.32.38.jpeg 1200w\" sizes=\"(max-width: 625px) 100vw, 625px\" \/><\/p>\n<p>Poder ouvir, conhecer, aprender, trocar conhecimento \u00e9 algo que a educa\u00e7\u00e3o nos proporciona muito bem. E foi dessa maneira que vivenciei a experi\u00eancia de estar no Parque Nacional da Serra do Divisor, junto com os alunos do Ifac, que est\u00e3o realizando o curso de forma\u00e7\u00e3o inicial e continuada de Condutor de Turismo Ecol\u00f3gico.<\/p>\n<p><img decoding=\"async\" class=\"alignnone size-medium wp-image-4299\" src=\"https:\/\/web.ifac.edu.br\/reitora\/wp-content\/uploads\/sites\/30\/2018\/11\/WhatsApp-Image-2018-11-21-at-07.32.41-300x200.jpeg\" alt=\"\" width=\"300\" height=\"200\" srcset=\"https:\/\/web.ifac.edu.br\/reitora\/wp-content\/uploads\/sites\/30\/2018\/11\/WhatsApp-Image-2018-11-21-at-07.32.41-300x200.jpeg 300w, https:\/\/web.ifac.edu.br\/reitora\/wp-content\/uploads\/sites\/30\/2018\/11\/WhatsApp-Image-2018-11-21-at-07.32.41-768x512.jpeg 768w, https:\/\/web.ifac.edu.br\/reitora\/wp-content\/uploads\/sites\/30\/2018\/11\/WhatsApp-Image-2018-11-21-at-07.32.41-1024x683.jpeg 1024w, https:\/\/web.ifac.edu.br\/reitora\/wp-content\/uploads\/sites\/30\/2018\/11\/WhatsApp-Image-2018-11-21-at-07.32.41-624x416.jpeg 624w, https:\/\/web.ifac.edu.br\/reitora\/wp-content\/uploads\/sites\/30\/2018\/11\/WhatsApp-Image-2018-11-21-at-07.32.41.jpeg 1200w\" sizes=\"(max-width: 300px) 100vw, 300px\" \/> <img decoding=\"async\" class=\"alignnone size-medium wp-image-4302\" src=\"https:\/\/web.ifac.edu.br\/reitora\/wp-content\/uploads\/sites\/30\/2018\/11\/WhatsApp-Image-2018-11-21-at-07.32.40-300x200.jpeg\" alt=\"\" width=\"300\" height=\"200\" srcset=\"https:\/\/web.ifac.edu.br\/reitora\/wp-content\/uploads\/sites\/30\/2018\/11\/WhatsApp-Image-2018-11-21-at-07.32.40-300x200.jpeg 300w, https:\/\/web.ifac.edu.br\/reitora\/wp-content\/uploads\/sites\/30\/2018\/11\/WhatsApp-Image-2018-11-21-at-07.32.40-768x512.jpeg 768w, https:\/\/web.ifac.edu.br\/reitora\/wp-content\/uploads\/sites\/30\/2018\/11\/WhatsApp-Image-2018-11-21-at-07.32.40-1024x683.jpeg 1024w, https:\/\/web.ifac.edu.br\/reitora\/wp-content\/uploads\/sites\/30\/2018\/11\/WhatsApp-Image-2018-11-21-at-07.32.40-624x416.jpeg 624w, https:\/\/web.ifac.edu.br\/reitora\/wp-content\/uploads\/sites\/30\/2018\/11\/WhatsApp-Image-2018-11-21-at-07.32.40.jpeg 1200w\" sizes=\"(max-width: 300px) 100vw, 300px\" \/><\/p>\n<p><img loading=\"lazy\" decoding=\"async\" class=\"size-medium wp-image-4301 alignleft\" src=\"https:\/\/web.ifac.edu.br\/reitora\/wp-content\/uploads\/sites\/30\/2018\/11\/WhatsApp-Image-2018-11-21-at-07.32.39-200x300.jpeg\" alt=\"\" width=\"200\" height=\"300\" srcset=\"https:\/\/web.ifac.edu.br\/reitora\/wp-content\/uploads\/sites\/30\/2018\/11\/WhatsApp-Image-2018-11-21-at-07.32.39-200x300.jpeg 200w, https:\/\/web.ifac.edu.br\/reitora\/wp-content\/uploads\/sites\/30\/2018\/11\/WhatsApp-Image-2018-11-21-at-07.32.39-768x1152.jpeg 768w, https:\/\/web.ifac.edu.br\/reitora\/wp-content\/uploads\/sites\/30\/2018\/11\/WhatsApp-Image-2018-11-21-at-07.32.39-683x1024.jpeg 683w, https:\/\/web.ifac.edu.br\/reitora\/wp-content\/uploads\/sites\/30\/2018\/11\/WhatsApp-Image-2018-11-21-at-07.32.39-624x936.jpeg 624w, https:\/\/web.ifac.edu.br\/reitora\/wp-content\/uploads\/sites\/30\/2018\/11\/WhatsApp-Image-2018-11-21-at-07.32.39.jpeg 800w\" sizes=\"(max-width: 200px) 100vw, 200px\" \/><\/p>\n<p>Desde agosto, o Ifac, atrav\u00e9s do campus Cruzeiro do Sul, tem ministrado aulas e garantido o aprendizado de conhecimentos t\u00e9cnicos \u00e0s comunidades da regi\u00e3o que recebem turistas de todo o mundo.<\/p>\n<p>Junto com representantes do ICMBio e tamb\u00e9m do nosso campus de Cruzeiro do Sul, participei de atividades da disciplina \u201cInvent\u00e1rio de Ecoturismo\u201d e tive a oportunidade de ser guiada pelos nossos alunos em forma\u00e7\u00e3o, em locais como o Mirante, as cachoeiras do Amor, Ar-Condicionado e Formosa, e ainda o t\u00e3o famoso Buraco da Central.<\/p>\n<p>Tenho certeza que o curso desenvolvido pelo Ifac n\u00e3o est\u00e1 apenas qualificando a comunidade que trabalha com o turismo na Serra do Divisor, mas tamb\u00e9m levando novas oportunidades financeiras aos moradores e fortalecendo este espa\u00e7o gigantesco de biodiversidade.<\/p>\n","protected":false},"excerpt":{"rendered":"<p>Poder ouvir, conhecer, aprender, trocar conhecimento \u00e9 algo que a educa\u00e7\u00e3o nos proporciona muito bem. E foi dessa maneira que vivenciei a experi\u00eancia de estar no Parque Nacional da Serra do Divisor, junto com os alunos do Ifac, que est\u00e3o realizando o curso de forma\u00e7\u00e3o inicial e continuada de Condutor de Turismo Ecol\u00f3gico. Desde agosto, [&hellip;]<\/p>\n","protected":false},"author":27,"featured_media":0,"comment_status":"closed","ping_status":"open","sticky":false,"template":"","format":"standard","meta":{"footnotes":""},"categories":[2],"tags":[],"class_list":["post-4293","post","type-post","status-publish","format-standard","hentry","category-noticias"],"_links":{"self":[{"href":"https:\/\/web.ifac.edu.br\/reitora\/wp-json\/wp\/v2\/posts\/4293","targetHints":{"allow":["GET"]}}],"collection":[{"href":"https:\/\/web.ifac.edu.br\/reitora\/wp-json\/wp\/v2\/posts"}],"about":[{"href":"https:\/\/web.ifac.edu.br\/reitora\/wp-json\/wp\/v2\/types\/post"}],"author":[{"embeddable":true,"href":"https:\/\/web.ifac.edu.br\/reitora\/wp-json\/wp\/v2\/users\/27"}],"replies":[{"embeddable":true,"href":"https:\/\/web.ifac.edu.br\/reitora\/wp-json\/wp\/v2\/comments?post=4293"}],"version-history":[{"count":0,"href":"https:\/\/web.ifac.edu.br\/reitora\/wp-json\/wp\/v2\/posts\/4293\/revisions"}],"wp:attachment":[{"href":"https:\/\/web.ifac.edu.br\/reitora\/wp-json\/wp\/v2\/media?parent=4293"}],"wp:term":[{"taxonomy":"category","embeddable":true,"href":"https:\/\/web.ifac.edu.br\/reitora\/wp-json\/wp\/v2\/categories?post=4293"},{"taxonomy":"post_tag","embeddable":true,"href":"https:\/\/web.ifac.edu.br\/reitora\/wp-json\/wp\/v2\/tags?post=4293"}],"curies":[{"name":"wp","href":"https:\/\/api.w.org\/{rel}","templated":true}]}}