{"id":4285,"date":"2018-11-09T18:15:57","date_gmt":"2018-11-09T20:15:57","guid":{"rendered":"http:\/\/web.ifac.edu.br\/reitora\/?p=4285"},"modified":"2018-11-09T21:24:20","modified_gmt":"2018-11-09T23:24:20","slug":"emenda-impositiva-de-bancada-para-o-ifac","status":"publish","type":"post","link":"https:\/\/web.ifac.edu.br\/reitora\/2018\/11\/09\/emenda-impositiva-de-bancada-para-o-ifac\/","title":{"rendered":"Emenda impositiva de bancada para o Ifac"},"content":{"rendered":"<p>Retornamos nossas postagens no blog e com novidade para o Ifac e tamb\u00e9m para toda comunidade acreana. Pela primeira vez, o Instituto Federal do Acre foi contemplado com uma emenda impositiva proposta por todos os deputados federais e senadores do Acre.<\/p>\n<p><img decoding=\"async\" class=\" wp-image-4275 alignleft\" src=\"https:\/\/web.ifac.edu.br\/reitora\/wp-content\/uploads\/sites\/30\/2018\/11\/WhatsApp-Image-2018-11-08-at-07.14.53-225x300.jpeg\" alt=\"\" width=\"180\" height=\"240\" srcset=\"https:\/\/web.ifac.edu.br\/reitora\/wp-content\/uploads\/sites\/30\/2018\/11\/WhatsApp-Image-2018-11-08-at-07.14.53-225x300.jpeg 225w, https:\/\/web.ifac.edu.br\/reitora\/wp-content\/uploads\/sites\/30\/2018\/11\/WhatsApp-Image-2018-11-08-at-07.14.53-768x1024.jpeg 768w, https:\/\/web.ifac.edu.br\/reitora\/wp-content\/uploads\/sites\/30\/2018\/11\/WhatsApp-Image-2018-11-08-at-07.14.53-624x832.jpeg 624w, https:\/\/web.ifac.edu.br\/reitora\/wp-content\/uploads\/sites\/30\/2018\/11\/WhatsApp-Image-2018-11-08-at-07.14.53.jpeg 960w\" sizes=\"(max-width: 180px) 100vw, 180px\" \/>Com isso, vamos come\u00e7ar o ano de 2019 recebendo R$ 10 milh\u00f5es, que ser\u00e3o investidos nas reformas da Escola da Floresta, que \u00e9 ser\u00e1 o espa\u00e7o onde funcionar\u00e1 a unidade do campus Avan\u00e7ado Baixada do Sol, como tamb\u00e9m do novo pr\u00e9dio da Reitoria.<\/p>\n<p>Al\u00e9m de ser um valor significativo para a continuidade dos trabalhos que vem sendo desenvolvidos pelo Ifac junto \u00e0 comunidade, ter esta emenda destinada ao Instituto \u00e9 reflexo do reconhecimento de nossos parlamentares frente a um ensino de qualidade. O que mostra que a educa\u00e7\u00e3o \u00e9 sempre uma \u00e1rea que n\u00e3o tem bandeira pol\u00edtica.<\/p>\n<p><img decoding=\"async\" class=\"alignnone wp-image-4281\" src=\"https:\/\/web.ifac.edu.br\/reitora\/wp-content\/uploads\/sites\/30\/2018\/11\/WhatsApp-Image-2018-11-08-at-07.14.18-300x200.jpeg\" alt=\"\" width=\"266\" height=\"177\" srcset=\"https:\/\/web.ifac.edu.br\/reitora\/wp-content\/uploads\/sites\/30\/2018\/11\/WhatsApp-Image-2018-11-08-at-07.14.18-300x200.jpeg 300w, https:\/\/web.ifac.edu.br\/reitora\/wp-content\/uploads\/sites\/30\/2018\/11\/WhatsApp-Image-2018-11-08-at-07.14.18-768x512.jpeg 768w, https:\/\/web.ifac.edu.br\/reitora\/wp-content\/uploads\/sites\/30\/2018\/11\/WhatsApp-Image-2018-11-08-at-07.14.18-1024x682.jpeg 1024w, https:\/\/web.ifac.edu.br\/reitora\/wp-content\/uploads\/sites\/30\/2018\/11\/WhatsApp-Image-2018-11-08-at-07.14.18-624x416.jpeg 624w, https:\/\/web.ifac.edu.br\/reitora\/wp-content\/uploads\/sites\/30\/2018\/11\/WhatsApp-Image-2018-11-08-at-07.14.18.jpeg 1280w\" sizes=\"(max-width: 266px) 100vw, 266px\" \/>\u00a0<img fetchpriority=\"high\" decoding=\"async\" class=\"alignnone wp-image-4282\" src=\"https:\/\/web.ifac.edu.br\/reitora\/wp-content\/uploads\/sites\/30\/2018\/11\/WhatsApp-Image-2018-11-08-at-07.14.16-300x169.jpeg\" alt=\"\" width=\"312\" height=\"176\" srcset=\"https:\/\/web.ifac.edu.br\/reitora\/wp-content\/uploads\/sites\/30\/2018\/11\/WhatsApp-Image-2018-11-08-at-07.14.16-300x169.jpeg 300w, https:\/\/web.ifac.edu.br\/reitora\/wp-content\/uploads\/sites\/30\/2018\/11\/WhatsApp-Image-2018-11-08-at-07.14.16-768x432.jpeg 768w, https:\/\/web.ifac.edu.br\/reitora\/wp-content\/uploads\/sites\/30\/2018\/11\/WhatsApp-Image-2018-11-08-at-07.14.16-1024x576.jpeg 1024w, https:\/\/web.ifac.edu.br\/reitora\/wp-content\/uploads\/sites\/30\/2018\/11\/WhatsApp-Image-2018-11-08-at-07.14.16-624x351.jpeg 624w, https:\/\/web.ifac.edu.br\/reitora\/wp-content\/uploads\/sites\/30\/2018\/11\/WhatsApp-Image-2018-11-08-at-07.14.16.jpeg 1280w\" sizes=\"(max-width: 312px) 100vw, 312px\" \/><\/p>\n<p><img loading=\"lazy\" decoding=\"async\" class=\"alignnone wp-image-4279\" src=\"https:\/\/web.ifac.edu.br\/reitora\/wp-content\/uploads\/sites\/30\/2018\/11\/WhatsApp-Image-2018-11-08-at-07.14.22-300x225.jpeg\" alt=\"\" width=\"291\" height=\"219\" srcset=\"https:\/\/web.ifac.edu.br\/reitora\/wp-content\/uploads\/sites\/30\/2018\/11\/WhatsApp-Image-2018-11-08-at-07.14.22-300x225.jpeg 300w, https:\/\/web.ifac.edu.br\/reitora\/wp-content\/uploads\/sites\/30\/2018\/11\/WhatsApp-Image-2018-11-08-at-07.14.22-768x576.jpeg 768w, https:\/\/web.ifac.edu.br\/reitora\/wp-content\/uploads\/sites\/30\/2018\/11\/WhatsApp-Image-2018-11-08-at-07.14.22-1024x768.jpeg 1024w, https:\/\/web.ifac.edu.br\/reitora\/wp-content\/uploads\/sites\/30\/2018\/11\/WhatsApp-Image-2018-11-08-at-07.14.22-624x468.jpeg 624w, https:\/\/web.ifac.edu.br\/reitora\/wp-content\/uploads\/sites\/30\/2018\/11\/WhatsApp-Image-2018-11-08-at-07.14.22.jpeg 1280w\" sizes=\"(max-width: 291px) 100vw, 291px\" \/> <img loading=\"lazy\" decoding=\"async\" class=\"alignnone wp-image-4278\" src=\"https:\/\/web.ifac.edu.br\/reitora\/wp-content\/uploads\/sites\/30\/2018\/11\/WhatsApp-Image-2018-11-08-at-07.14.26-300x225.jpeg\" alt=\"\" width=\"290\" height=\"218\" srcset=\"https:\/\/web.ifac.edu.br\/reitora\/wp-content\/uploads\/sites\/30\/2018\/11\/WhatsApp-Image-2018-11-08-at-07.14.26-300x225.jpeg 300w, https:\/\/web.ifac.edu.br\/reitora\/wp-content\/uploads\/sites\/30\/2018\/11\/WhatsApp-Image-2018-11-08-at-07.14.26-768x576.jpeg 768w, https:\/\/web.ifac.edu.br\/reitora\/wp-content\/uploads\/sites\/30\/2018\/11\/WhatsApp-Image-2018-11-08-at-07.14.26-1024x768.jpeg 1024w, https:\/\/web.ifac.edu.br\/reitora\/wp-content\/uploads\/sites\/30\/2018\/11\/WhatsApp-Image-2018-11-08-at-07.14.26-624x468.jpeg 624w, https:\/\/web.ifac.edu.br\/reitora\/wp-content\/uploads\/sites\/30\/2018\/11\/WhatsApp-Image-2018-11-08-at-07.14.26.jpeg 1280w\" sizes=\"(max-width: 290px) 100vw, 290px\" \/><\/p>\n<p><img loading=\"lazy\" decoding=\"async\" class=\"alignnone wp-image-4277\" src=\"https:\/\/web.ifac.edu.br\/reitora\/wp-content\/uploads\/sites\/30\/2018\/11\/WhatsApp-Image-2018-11-08-at-07.14.35-300x225.jpeg\" alt=\"\" width=\"291\" height=\"218\" srcset=\"https:\/\/web.ifac.edu.br\/reitora\/wp-content\/uploads\/sites\/30\/2018\/11\/WhatsApp-Image-2018-11-08-at-07.14.35-300x225.jpeg 300w, https:\/\/web.ifac.edu.br\/reitora\/wp-content\/uploads\/sites\/30\/2018\/11\/WhatsApp-Image-2018-11-08-at-07.14.35-768x576.jpeg 768w, https:\/\/web.ifac.edu.br\/reitora\/wp-content\/uploads\/sites\/30\/2018\/11\/WhatsApp-Image-2018-11-08-at-07.14.35-1024x768.jpeg 1024w, https:\/\/web.ifac.edu.br\/reitora\/wp-content\/uploads\/sites\/30\/2018\/11\/WhatsApp-Image-2018-11-08-at-07.14.35-624x468.jpeg 624w, https:\/\/web.ifac.edu.br\/reitora\/wp-content\/uploads\/sites\/30\/2018\/11\/WhatsApp-Image-2018-11-08-at-07.14.35.jpeg 1280w\" sizes=\"(max-width: 291px) 100vw, 291px\" \/> <img loading=\"lazy\" decoding=\"async\" class=\"alignnone wp-image-4276\" src=\"https:\/\/web.ifac.edu.br\/reitora\/wp-content\/uploads\/sites\/30\/2018\/11\/WhatsApp-Image-2018-11-08-at-07.14.47-300x225.jpeg\" alt=\"\" width=\"291\" height=\"218\" srcset=\"https:\/\/web.ifac.edu.br\/reitora\/wp-content\/uploads\/sites\/30\/2018\/11\/WhatsApp-Image-2018-11-08-at-07.14.47-300x225.jpeg 300w, https:\/\/web.ifac.edu.br\/reitora\/wp-content\/uploads\/sites\/30\/2018\/11\/WhatsApp-Image-2018-11-08-at-07.14.47-768x576.jpeg 768w, https:\/\/web.ifac.edu.br\/reitora\/wp-content\/uploads\/sites\/30\/2018\/11\/WhatsApp-Image-2018-11-08-at-07.14.47-1024x768.jpeg 1024w, https:\/\/web.ifac.edu.br\/reitora\/wp-content\/uploads\/sites\/30\/2018\/11\/WhatsApp-Image-2018-11-08-at-07.14.47-624x468.jpeg 624w, https:\/\/web.ifac.edu.br\/reitora\/wp-content\/uploads\/sites\/30\/2018\/11\/WhatsApp-Image-2018-11-08-at-07.14.47.jpeg 1280w\" sizes=\"(max-width: 291px) 100vw, 291px\" \/><\/p>\n<p><img loading=\"lazy\" decoding=\"async\" class=\"alignnone wp-image-4274\" src=\"https:\/\/web.ifac.edu.br\/reitora\/wp-content\/uploads\/sites\/30\/2018\/11\/WhatsApp-Image-2018-11-08-at-07.15.07-300x231.jpeg\" alt=\"\" width=\"288\" height=\"222\" srcset=\"https:\/\/web.ifac.edu.br\/reitora\/wp-content\/uploads\/sites\/30\/2018\/11\/WhatsApp-Image-2018-11-08-at-07.15.07-300x231.jpeg 300w, https:\/\/web.ifac.edu.br\/reitora\/wp-content\/uploads\/sites\/30\/2018\/11\/WhatsApp-Image-2018-11-08-at-07.15.07-768x592.jpeg 768w, https:\/\/web.ifac.edu.br\/reitora\/wp-content\/uploads\/sites\/30\/2018\/11\/WhatsApp-Image-2018-11-08-at-07.15.07-1024x789.jpeg 1024w, https:\/\/web.ifac.edu.br\/reitora\/wp-content\/uploads\/sites\/30\/2018\/11\/WhatsApp-Image-2018-11-08-at-07.15.07-624x481.jpeg 624w, https:\/\/web.ifac.edu.br\/reitora\/wp-content\/uploads\/sites\/30\/2018\/11\/WhatsApp-Image-2018-11-08-at-07.15.07.jpeg 1280w\" sizes=\"(max-width: 288px) 100vw, 288px\" \/> <img loading=\"lazy\" decoding=\"async\" class=\"alignnone wp-image-4273\" src=\"https:\/\/web.ifac.edu.br\/reitora\/wp-content\/uploads\/sites\/30\/2018\/11\/WhatsApp-Image-2018-11-08-at-07.16.01-300x225.jpeg\" alt=\"\" width=\"297\" height=\"223\" srcset=\"https:\/\/web.ifac.edu.br\/reitora\/wp-content\/uploads\/sites\/30\/2018\/11\/WhatsApp-Image-2018-11-08-at-07.16.01-300x225.jpeg 300w, https:\/\/web.ifac.edu.br\/reitora\/wp-content\/uploads\/sites\/30\/2018\/11\/WhatsApp-Image-2018-11-08-at-07.16.01-768x576.jpeg 768w, https:\/\/web.ifac.edu.br\/reitora\/wp-content\/uploads\/sites\/30\/2018\/11\/WhatsApp-Image-2018-11-08-at-07.16.01.jpeg 1024w, https:\/\/web.ifac.edu.br\/reitora\/wp-content\/uploads\/sites\/30\/2018\/11\/WhatsApp-Image-2018-11-08-at-07.16.01-624x468.jpeg 624w\" sizes=\"(max-width: 297px) 100vw, 297px\" \/><\/p>\n<p><img loading=\"lazy\" decoding=\"async\" class=\"alignnone wp-image-4283\" src=\"https:\/\/web.ifac.edu.br\/reitora\/wp-content\/uploads\/sites\/30\/2018\/11\/flaviano-melo-300x199.jpeg\" alt=\"\" width=\"308\" height=\"205\" srcset=\"https:\/\/web.ifac.edu.br\/reitora\/wp-content\/uploads\/sites\/30\/2018\/11\/flaviano-melo-300x199.jpeg 300w, https:\/\/web.ifac.edu.br\/reitora\/wp-content\/uploads\/sites\/30\/2018\/11\/flaviano-melo-768x510.jpeg 768w, https:\/\/web.ifac.edu.br\/reitora\/wp-content\/uploads\/sites\/30\/2018\/11\/flaviano-melo-1024x680.jpeg 1024w, https:\/\/web.ifac.edu.br\/reitora\/wp-content\/uploads\/sites\/30\/2018\/11\/flaviano-melo-624x414.jpeg 624w, https:\/\/web.ifac.edu.br\/reitora\/wp-content\/uploads\/sites\/30\/2018\/11\/flaviano-melo.jpeg 1280w\" sizes=\"(max-width: 308px) 100vw, 308px\" \/>\u00a0<img loading=\"lazy\" decoding=\"async\" class=\"alignnone wp-image-4280\" src=\"https:\/\/web.ifac.edu.br\/reitora\/wp-content\/uploads\/sites\/30\/2018\/11\/WhatsApp-Image-2018-11-08-at-07.14.20-300x225.jpeg\" alt=\"\" width=\"274\" height=\"206\" srcset=\"https:\/\/web.ifac.edu.br\/reitora\/wp-content\/uploads\/sites\/30\/2018\/11\/WhatsApp-Image-2018-11-08-at-07.14.20-300x225.jpeg 300w, https:\/\/web.ifac.edu.br\/reitora\/wp-content\/uploads\/sites\/30\/2018\/11\/WhatsApp-Image-2018-11-08-at-07.14.20-768x576.jpeg 768w, https:\/\/web.ifac.edu.br\/reitora\/wp-content\/uploads\/sites\/30\/2018\/11\/WhatsApp-Image-2018-11-08-at-07.14.20-1024x768.jpeg 1024w, https:\/\/web.ifac.edu.br\/reitora\/wp-content\/uploads\/sites\/30\/2018\/11\/WhatsApp-Image-2018-11-08-at-07.14.20-624x468.jpeg 624w, https:\/\/web.ifac.edu.br\/reitora\/wp-content\/uploads\/sites\/30\/2018\/11\/WhatsApp-Image-2018-11-08-at-07.14.20.jpeg 1280w\" sizes=\"(max-width: 274px) 100vw, 274px\" \/><\/p>\n<p>Quero finalizar este meu post, agradecendo\u00a0novamente aos parlamentares acreanos, que sempre nos atenderam e nos ajudaram com emendas individuais durante toda gest\u00e3o e agora encerram o mandato em 2018 prestigiando o Ifac com uma emenda impositiva de forma conjunta.<\/p>\n<p>Este \u00e9 um momento muito feliz para o nosso Ifac, que est\u00e1 passando por uma fase de crescimento e ascens\u00e3o. Ter os representantes do Acre no Congresso Nacional compreendendo a import\u00e2ncia do ensino tecnol\u00f3gico e cient\u00edfico em nosso Estado, \u00e9 motivo de orgulho.<\/p>\n","protected":false},"excerpt":{"rendered":"<p>Retornamos nossas postagens no blog e com novidade para o Ifac e tamb\u00e9m para toda comunidade acreana. Pela primeira vez, o Instituto Federal do Acre foi contemplado com uma emenda impositiva proposta por todos os deputados federais e senadores do Acre. Com isso, vamos come\u00e7ar o ano de 2019 recebendo R$ 10 milh\u00f5es, que ser\u00e3o [&hellip;]<\/p>\n","protected":false},"author":27,"featured_media":0,"comment_status":"closed","ping_status":"open","sticky":false,"template":"","format":"standard","meta":{"footnotes":""},"categories":[2],"tags":[],"class_list":["post-4285","post","type-post","status-publish","format-standard","hentry","category-noticias"],"_links":{"self":[{"href":"https:\/\/web.ifac.edu.br\/reitora\/wp-json\/wp\/v2\/posts\/4285","targetHints":{"allow":["GET"]}}],"collection":[{"href":"https:\/\/web.ifac.edu.br\/reitora\/wp-json\/wp\/v2\/posts"}],"about":[{"href":"https:\/\/web.ifac.edu.br\/reitora\/wp-json\/wp\/v2\/types\/post"}],"author":[{"embeddable":true,"href":"https:\/\/web.ifac.edu.br\/reitora\/wp-json\/wp\/v2\/users\/27"}],"replies":[{"embeddable":true,"href":"https:\/\/web.ifac.edu.br\/reitora\/wp-json\/wp\/v2\/comments?post=4285"}],"version-history":[{"count":0,"href":"https:\/\/web.ifac.edu.br\/reitora\/wp-json\/wp\/v2\/posts\/4285\/revisions"}],"wp:attachment":[{"href":"https:\/\/web.ifac.edu.br\/reitora\/wp-json\/wp\/v2\/media?parent=4285"}],"wp:term":[{"taxonomy":"category","embeddable":true,"href":"https:\/\/web.ifac.edu.br\/reitora\/wp-json\/wp\/v2\/categories?post=4285"},{"taxonomy":"post_tag","embeddable":true,"href":"https:\/\/web.ifac.edu.br\/reitora\/wp-json\/wp\/v2\/tags?post=4285"}],"curies":[{"name":"wp","href":"https:\/\/api.w.org\/{rel}","templated":true}]}}