{"id":4254,"date":"2018-06-29T23:55:11","date_gmt":"2018-06-30T02:55:11","guid":{"rendered":"http:\/\/web.ifac.edu.br\/reitora\/?p=4254"},"modified":"2018-06-29T23:55:11","modified_gmt":"2018-06-30T02:55:11","slug":"inauguracao-da-biblioteca-e-registro-escolar-do-campus-rio-branco","status":"publish","type":"post","link":"https:\/\/web.ifac.edu.br\/reitora\/2018\/06\/29\/inauguracao-da-biblioteca-e-registro-escolar-do-campus-rio-branco\/","title":{"rendered":"Inaugura\u00e7\u00e3o da biblioteca e registro escolar do Campus Rio Branco"},"content":{"rendered":"<p><img fetchpriority=\"high\" decoding=\"async\" class=\"alignnone size-large wp-image-4255\" src=\"http:\/\/web.ifac.edu.br\/reitora\/wp-content\/uploads\/sites\/30\/2018\/06\/biblio-5-1024x682.jpeg\" alt=\"\" width=\"625\" height=\"416\" srcset=\"https:\/\/web.ifac.edu.br\/reitora\/wp-content\/uploads\/sites\/30\/2018\/06\/biblio-5-1024x682.jpeg 1024w, https:\/\/web.ifac.edu.br\/reitora\/wp-content\/uploads\/sites\/30\/2018\/06\/biblio-5-300x200.jpeg 300w, https:\/\/web.ifac.edu.br\/reitora\/wp-content\/uploads\/sites\/30\/2018\/06\/biblio-5-768x512.jpeg 768w, https:\/\/web.ifac.edu.br\/reitora\/wp-content\/uploads\/sites\/30\/2018\/06\/biblio-5-624x416.jpeg 624w, https:\/\/web.ifac.edu.br\/reitora\/wp-content\/uploads\/sites\/30\/2018\/06\/biblio-5.jpeg 1280w\" sizes=\"(max-width: 625px) 100vw, 625px\" \/><\/p>\n<p>Nessa sexta-feira (29.06), inauguramos a moderna biblioteca e registro escolar do Campus Rio Branco, \u00a0atrav\u00e9s de investimentos do IFAC e destina\u00e7\u00e3o de emenda parlamentar do Deputado Federal Alan Rick. O espa\u00e7o conta com 423,54 metros quadrados, possui \u00e1rea para registro e coordena\u00e7\u00e3o, recep\u00e7\u00e3o, sala de inform\u00e1tica com capacidade para 16 computadores, al\u00e9m de quatro salas para estudo. Vale ressaltar que as prateleiras para disposi\u00e7\u00e3o do acervo s\u00e3o m\u00f3veis e auxiliam na din\u00e2mica do uso do espa\u00e7o, al\u00e9m de ser um diferencial para os usu\u00e1rios, a biblioteca estar\u00e1 aberta para uso de toda a comunidade. Deste modo renovamos o compromisso desta gest\u00e3o com a estrutura\u00e7\u00e3o e moderniza\u00e7\u00e3o dos Campi, para oferecermos educa\u00e7\u00e3o de qualidade, p\u00fablica, gratuita, inclusiva e para todos.<\/p>\n<p><img decoding=\"async\" class=\"alignnone size-large wp-image-4257\" src=\"http:\/\/web.ifac.edu.br\/reitora\/wp-content\/uploads\/sites\/30\/2018\/06\/biblio-3-1024x682.jpeg\" alt=\"\" width=\"625\" height=\"416\" srcset=\"https:\/\/web.ifac.edu.br\/reitora\/wp-content\/uploads\/sites\/30\/2018\/06\/biblio-3-1024x682.jpeg 1024w, https:\/\/web.ifac.edu.br\/reitora\/wp-content\/uploads\/sites\/30\/2018\/06\/biblio-3-300x200.jpeg 300w, https:\/\/web.ifac.edu.br\/reitora\/wp-content\/uploads\/sites\/30\/2018\/06\/biblio-3-768x512.jpeg 768w, https:\/\/web.ifac.edu.br\/reitora\/wp-content\/uploads\/sites\/30\/2018\/06\/biblio-3-624x416.jpeg 624w, https:\/\/web.ifac.edu.br\/reitora\/wp-content\/uploads\/sites\/30\/2018\/06\/biblio-3.jpeg 1280w\" sizes=\"(max-width: 625px) 100vw, 625px\" \/> <img decoding=\"async\" class=\"alignnone size-large wp-image-4258\" src=\"http:\/\/web.ifac.edu.br\/reitora\/wp-content\/uploads\/sites\/30\/2018\/06\/biblio-6-1024x682.jpeg\" alt=\"\" width=\"625\" height=\"416\" srcset=\"https:\/\/web.ifac.edu.br\/reitora\/wp-content\/uploads\/sites\/30\/2018\/06\/biblio-6-1024x682.jpeg 1024w, https:\/\/web.ifac.edu.br\/reitora\/wp-content\/uploads\/sites\/30\/2018\/06\/biblio-6-300x200.jpeg 300w, https:\/\/web.ifac.edu.br\/reitora\/wp-content\/uploads\/sites\/30\/2018\/06\/biblio-6-768x512.jpeg 768w, https:\/\/web.ifac.edu.br\/reitora\/wp-content\/uploads\/sites\/30\/2018\/06\/biblio-6-624x416.jpeg 624w, https:\/\/web.ifac.edu.br\/reitora\/wp-content\/uploads\/sites\/30\/2018\/06\/biblio-6.jpeg 1280w\" sizes=\"(max-width: 625px) 100vw, 625px\" \/> <img loading=\"lazy\" decoding=\"async\" class=\"alignnone size-large wp-image-4259\" src=\"http:\/\/web.ifac.edu.br\/reitora\/wp-content\/uploads\/sites\/30\/2018\/06\/biblio-9-1024x682.jpeg\" alt=\"\" width=\"625\" height=\"416\" srcset=\"https:\/\/web.ifac.edu.br\/reitora\/wp-content\/uploads\/sites\/30\/2018\/06\/biblio-9-1024x682.jpeg 1024w, https:\/\/web.ifac.edu.br\/reitora\/wp-content\/uploads\/sites\/30\/2018\/06\/biblio-9-300x200.jpeg 300w, https:\/\/web.ifac.edu.br\/reitora\/wp-content\/uploads\/sites\/30\/2018\/06\/biblio-9-768x512.jpeg 768w, https:\/\/web.ifac.edu.br\/reitora\/wp-content\/uploads\/sites\/30\/2018\/06\/biblio-9-624x416.jpeg 624w, https:\/\/web.ifac.edu.br\/reitora\/wp-content\/uploads\/sites\/30\/2018\/06\/biblio-9.jpeg 1280w\" sizes=\"(max-width: 625px) 100vw, 625px\" \/><\/p>\n<p><img loading=\"lazy\" decoding=\"async\" class=\"alignnone size-large wp-image-4256\" src=\"http:\/\/web.ifac.edu.br\/reitora\/wp-content\/uploads\/sites\/30\/2018\/06\/biblio-1-1024x682.jpeg\" alt=\"\" width=\"625\" height=\"416\" srcset=\"https:\/\/web.ifac.edu.br\/reitora\/wp-content\/uploads\/sites\/30\/2018\/06\/biblio-1-1024x682.jpeg 1024w, https:\/\/web.ifac.edu.br\/reitora\/wp-content\/uploads\/sites\/30\/2018\/06\/biblio-1-300x200.jpeg 300w, https:\/\/web.ifac.edu.br\/reitora\/wp-content\/uploads\/sites\/30\/2018\/06\/biblio-1-768x512.jpeg 768w, https:\/\/web.ifac.edu.br\/reitora\/wp-content\/uploads\/sites\/30\/2018\/06\/biblio-1-624x416.jpeg 624w, https:\/\/web.ifac.edu.br\/reitora\/wp-content\/uploads\/sites\/30\/2018\/06\/biblio-1.jpeg 1280w\" sizes=\"(max-width: 625px) 100vw, 625px\" \/><\/p>\n<p><img loading=\"lazy\" decoding=\"async\" class=\"alignnone size-large wp-image-4260\" src=\"http:\/\/web.ifac.edu.br\/reitora\/wp-content\/uploads\/sites\/30\/2018\/06\/biblio-2-1024x682.jpeg\" alt=\"\" width=\"625\" height=\"416\" srcset=\"https:\/\/web.ifac.edu.br\/reitora\/wp-content\/uploads\/sites\/30\/2018\/06\/biblio-2-1024x682.jpeg 1024w, https:\/\/web.ifac.edu.br\/reitora\/wp-content\/uploads\/sites\/30\/2018\/06\/biblio-2-300x200.jpeg 300w, https:\/\/web.ifac.edu.br\/reitora\/wp-content\/uploads\/sites\/30\/2018\/06\/biblio-2-768x512.jpeg 768w, https:\/\/web.ifac.edu.br\/reitora\/wp-content\/uploads\/sites\/30\/2018\/06\/biblio-2-624x416.jpeg 624w, https:\/\/web.ifac.edu.br\/reitora\/wp-content\/uploads\/sites\/30\/2018\/06\/biblio-2.jpeg 1280w\" sizes=\"(max-width: 625px) 100vw, 625px\" \/><\/p>\n","protected":false},"excerpt":{"rendered":"<p>Nessa sexta-feira (29.06), inauguramos a moderna biblioteca e registro escolar do Campus Rio Branco, \u00a0atrav\u00e9s de investimentos do IFAC e destina\u00e7\u00e3o de emenda parlamentar do Deputado Federal Alan Rick. O espa\u00e7o conta com 423,54 metros quadrados, possui \u00e1rea para registro e coordena\u00e7\u00e3o, recep\u00e7\u00e3o, sala de inform\u00e1tica com capacidade para 16 computadores, al\u00e9m de quatro salas [&hellip;]<\/p>\n","protected":false},"author":15,"featured_media":0,"comment_status":"closed","ping_status":"open","sticky":false,"template":"","format":"standard","meta":{"footnotes":""},"categories":[2],"tags":[],"class_list":["post-4254","post","type-post","status-publish","format-standard","hentry","category-noticias"],"_links":{"self":[{"href":"https:\/\/web.ifac.edu.br\/reitora\/wp-json\/wp\/v2\/posts\/4254","targetHints":{"allow":["GET"]}}],"collection":[{"href":"https:\/\/web.ifac.edu.br\/reitora\/wp-json\/wp\/v2\/posts"}],"about":[{"href":"https:\/\/web.ifac.edu.br\/reitora\/wp-json\/wp\/v2\/types\/post"}],"author":[{"embeddable":true,"href":"https:\/\/web.ifac.edu.br\/reitora\/wp-json\/wp\/v2\/users\/15"}],"replies":[{"embeddable":true,"href":"https:\/\/web.ifac.edu.br\/reitora\/wp-json\/wp\/v2\/comments?post=4254"}],"version-history":[{"count":0,"href":"https:\/\/web.ifac.edu.br\/reitora\/wp-json\/wp\/v2\/posts\/4254\/revisions"}],"wp:attachment":[{"href":"https:\/\/web.ifac.edu.br\/reitora\/wp-json\/wp\/v2\/media?parent=4254"}],"wp:term":[{"taxonomy":"category","embeddable":true,"href":"https:\/\/web.ifac.edu.br\/reitora\/wp-json\/wp\/v2\/categories?post=4254"},{"taxonomy":"post_tag","embeddable":true,"href":"https:\/\/web.ifac.edu.br\/reitora\/wp-json\/wp\/v2\/tags?post=4254"}],"curies":[{"name":"wp","href":"https:\/\/api.w.org\/{rel}","templated":true}]}}