{"id":4251,"date":"2018-06-28T22:37:10","date_gmt":"2018-06-29T01:37:10","guid":{"rendered":"http:\/\/web.ifac.edu.br\/reitora\/?p=4251"},"modified":"2018-06-28T22:37:10","modified_gmt":"2018-06-29T01:37:10","slug":"assinatura-do-termo-de-cooperacao-com-sepn","status":"publish","type":"post","link":"https:\/\/web.ifac.edu.br\/reitora\/2018\/06\/28\/assinatura-do-termo-de-cooperacao-com-sepn\/","title":{"rendered":"Assinatura do Termo de Coopera\u00e7\u00e3o com SEPN"},"content":{"rendered":"<p><img decoding=\"async\" src=\"http:\/\/portal.ifac.edu.br\/images\/conteudo\/materias\/2018\/06-Junho\/Cooperacao-SEPN-2.JPG\" \/><\/p>\n<p>Esta semana, assinamos um acordo de coopera\u00e7\u00e3o com a Secretaria Estadual de Pequenos Neg\u00f3cios (SEPN) que viabilizar\u00e1 a oferta de curso de montagem e manuten\u00e7\u00e3o de computadores nos munic\u00edpios de Tarauac\u00e1, Feij\u00f3 e Jord\u00e3o. O curso ter\u00e1 dura\u00e7\u00e3o de 160 horas e atender\u00e1 62 pessoas. Este acordo prev\u00ea que a forma\u00e7\u00e3o ser\u00e1 ministrada por servidores do Ifac e a SEPN fornecer\u00e1 os kits b\u00e1sicos de montagem e manuten\u00e7\u00e3o de computador para os participantes do curso.<\/p>\n<p>O Ifac j\u00e1 tem unidades com cursos presenciais nas cinco regionais do estado. No entanto, precisamos refor\u00e7ar nossa presen\u00e7a nos munic\u00edpios mais isolados com a perspectiva de trazer alunos para conhecer os cursos presenciais que oferecemos nos campi. E essas parcerias nos possibilitam chegar nessas comunidades. Al\u00e9m disso, \u00e9 um sonho antigo trabalhar com cursos nessa \u00e1rea do conhecimento na regi\u00e3o.<\/p>\n<p><img decoding=\"async\" src=\"http:\/\/portal.ifac.edu.br\/images\/conteudo\/materias\/2018\/06-Junho\/Cooperacao-SEPN-1.JPG\" \/><\/p>\n","protected":false},"excerpt":{"rendered":"<p>Esta semana, assinamos um acordo de coopera\u00e7\u00e3o com a Secretaria Estadual de Pequenos Neg\u00f3cios (SEPN) que viabilizar\u00e1 a oferta de curso de montagem e manuten\u00e7\u00e3o de computadores nos munic\u00edpios de Tarauac\u00e1, Feij\u00f3 e Jord\u00e3o. O curso ter\u00e1 dura\u00e7\u00e3o de 160 horas e atender\u00e1 62 pessoas. Este acordo prev\u00ea que a forma\u00e7\u00e3o ser\u00e1 ministrada por servidores [&hellip;]<\/p>\n","protected":false},"author":15,"featured_media":0,"comment_status":"closed","ping_status":"open","sticky":false,"template":"","format":"standard","meta":{"footnotes":""},"categories":[2],"tags":[],"class_list":["post-4251","post","type-post","status-publish","format-standard","hentry","category-noticias"],"_links":{"self":[{"href":"https:\/\/web.ifac.edu.br\/reitora\/wp-json\/wp\/v2\/posts\/4251","targetHints":{"allow":["GET"]}}],"collection":[{"href":"https:\/\/web.ifac.edu.br\/reitora\/wp-json\/wp\/v2\/posts"}],"about":[{"href":"https:\/\/web.ifac.edu.br\/reitora\/wp-json\/wp\/v2\/types\/post"}],"author":[{"embeddable":true,"href":"https:\/\/web.ifac.edu.br\/reitora\/wp-json\/wp\/v2\/users\/15"}],"replies":[{"embeddable":true,"href":"https:\/\/web.ifac.edu.br\/reitora\/wp-json\/wp\/v2\/comments?post=4251"}],"version-history":[{"count":0,"href":"https:\/\/web.ifac.edu.br\/reitora\/wp-json\/wp\/v2\/posts\/4251\/revisions"}],"wp:attachment":[{"href":"https:\/\/web.ifac.edu.br\/reitora\/wp-json\/wp\/v2\/media?parent=4251"}],"wp:term":[{"taxonomy":"category","embeddable":true,"href":"https:\/\/web.ifac.edu.br\/reitora\/wp-json\/wp\/v2\/categories?post=4251"},{"taxonomy":"post_tag","embeddable":true,"href":"https:\/\/web.ifac.edu.br\/reitora\/wp-json\/wp\/v2\/tags?post=4251"}],"curies":[{"name":"wp","href":"https:\/\/api.w.org\/{rel}","templated":true}]}}