{"id":4247,"date":"2018-06-26T19:35:19","date_gmt":"2018-06-26T22:35:19","guid":{"rendered":"http:\/\/web.ifac.edu.br\/reitora\/?p=4247"},"modified":"2018-06-26T19:35:19","modified_gmt":"2018-06-26T22:35:19","slug":"visita-do-deputado-federal-leo-de-brito","status":"publish","type":"post","link":"https:\/\/web.ifac.edu.br\/reitora\/2018\/06\/26\/visita-do-deputado-federal-leo-de-brito\/","title":{"rendered":"Visita do deputado federal L\u00e9o de Brito"},"content":{"rendered":"<p><img fetchpriority=\"high\" decoding=\"async\" class=\"alignnone size-large wp-image-4248\" src=\"http:\/\/web.ifac.edu.br\/reitora\/wp-content\/uploads\/sites\/30\/2018\/06\/l\u00e9o-de-Brito-1024x768.jpeg\" alt=\"\" width=\"625\" height=\"469\" srcset=\"https:\/\/web.ifac.edu.br\/reitora\/wp-content\/uploads\/sites\/30\/2018\/06\/l\u00e9o-de-Brito.jpeg 1024w, https:\/\/web.ifac.edu.br\/reitora\/wp-content\/uploads\/sites\/30\/2018\/06\/l\u00e9o-de-Brito-300x225.jpeg 300w, https:\/\/web.ifac.edu.br\/reitora\/wp-content\/uploads\/sites\/30\/2018\/06\/l\u00e9o-de-Brito-768x576.jpeg 768w, https:\/\/web.ifac.edu.br\/reitora\/wp-content\/uploads\/sites\/30\/2018\/06\/l\u00e9o-de-Brito-624x468.jpeg 624w\" sizes=\"(max-width: 625px) 100vw, 625px\" \/><br \/>\nNesta ter\u00e7a feira (26.06), recebi o Deputado Federal L\u00e9o de Brito que disponibilizou Emenda Parlamentar Individual no valor de R$ 500.000,00 para renova\u00e7\u00e3o do Parque Tecnol\u00f3gico do IFAC. A emenda contempla a aquisi\u00e7\u00e3o de computadores, scanner e nobreak para todos os campi.<\/p>\n<p>Na oportunidade solicitei apoio do deputado para mobilizar a bancada federal do Acre a direcionar a emenda Impositiva de Bancada para o Instituto, que neste momento o deputado manifestou apoio no sentido da garantia junto \u00e0 bancada.<\/p>\n","protected":false},"excerpt":{"rendered":"<p>Nesta ter\u00e7a feira (26.06), recebi o Deputado Federal L\u00e9o de Brito que disponibilizou Emenda Parlamentar Individual no valor de R$ 500.000,00 para renova\u00e7\u00e3o do Parque Tecnol\u00f3gico do IFAC. A emenda contempla a aquisi\u00e7\u00e3o de computadores, scanner e nobreak para todos os campi. Na oportunidade solicitei apoio do deputado para mobilizar a bancada federal do Acre [&hellip;]<\/p>\n","protected":false},"author":15,"featured_media":0,"comment_status":"closed","ping_status":"open","sticky":false,"template":"","format":"standard","meta":{"footnotes":""},"categories":[2],"tags":[],"class_list":["post-4247","post","type-post","status-publish","format-standard","hentry","category-noticias"],"_links":{"self":[{"href":"https:\/\/web.ifac.edu.br\/reitora\/wp-json\/wp\/v2\/posts\/4247","targetHints":{"allow":["GET"]}}],"collection":[{"href":"https:\/\/web.ifac.edu.br\/reitora\/wp-json\/wp\/v2\/posts"}],"about":[{"href":"https:\/\/web.ifac.edu.br\/reitora\/wp-json\/wp\/v2\/types\/post"}],"author":[{"embeddable":true,"href":"https:\/\/web.ifac.edu.br\/reitora\/wp-json\/wp\/v2\/users\/15"}],"replies":[{"embeddable":true,"href":"https:\/\/web.ifac.edu.br\/reitora\/wp-json\/wp\/v2\/comments?post=4247"}],"version-history":[{"count":0,"href":"https:\/\/web.ifac.edu.br\/reitora\/wp-json\/wp\/v2\/posts\/4247\/revisions"}],"wp:attachment":[{"href":"https:\/\/web.ifac.edu.br\/reitora\/wp-json\/wp\/v2\/media?parent=4247"}],"wp:term":[{"taxonomy":"category","embeddable":true,"href":"https:\/\/web.ifac.edu.br\/reitora\/wp-json\/wp\/v2\/categories?post=4247"},{"taxonomy":"post_tag","embeddable":true,"href":"https:\/\/web.ifac.edu.br\/reitora\/wp-json\/wp\/v2\/tags?post=4247"}],"curies":[{"name":"wp","href":"https:\/\/api.w.org\/{rel}","templated":true}]}}