{"id":4237,"date":"2018-06-25T17:31:06","date_gmt":"2018-06-25T20:31:06","guid":{"rendered":"http:\/\/web.ifac.edu.br\/reitora\/?p=4237"},"modified":"2018-06-25T18:02:31","modified_gmt":"2018-06-25T21:02:31","slug":"iii-forum-contra-drogas-direito-prevencao-e-cuidado-em-rede","status":"publish","type":"post","link":"https:\/\/web.ifac.edu.br\/reitora\/2018\/06\/25\/iii-forum-contra-drogas-direito-prevencao-e-cuidado-em-rede\/","title":{"rendered":"III F\u00f3rum contra Drogas: Direito, Preven\u00e7\u00e3o e Cuidado em Rede"},"content":{"rendered":"<p><img fetchpriority=\"high\" decoding=\"async\" class=\"alignnone size-full wp-image-4242\" src=\"http:\/\/web.ifac.edu.br\/reitora\/wp-content\/uploads\/sites\/30\/2018\/06\/WhatsApp-Image-2018-06-25-at-15.54.25-1.jpeg\" alt=\"\" width=\"622\" height=\"738\" srcset=\"https:\/\/web.ifac.edu.br\/reitora\/wp-content\/uploads\/sites\/30\/2018\/06\/WhatsApp-Image-2018-06-25-at-15.54.25-1.jpeg 622w, https:\/\/web.ifac.edu.br\/reitora\/wp-content\/uploads\/sites\/30\/2018\/06\/WhatsApp-Image-2018-06-25-at-15.54.25-1-253x300.jpeg 253w\" sizes=\"(max-width: 622px) 100vw, 622px\" \/><br \/>\nHoje participei da abertura do\u00a0III F\u00f3rum contra Drogas: Direito, Preven\u00e7\u00e3o e Cuidado em Rede, no Anfiteatro Garibaldi Brasil na Ufac, que faz parte da VI \u00a0Semana Estadual Sobre Drogas.<\/p>\n<p>O Instituto Federal do Acre (Ifac) faz \u00a0mais esse importante trabalho\u00a0 de preven\u00e7\u00e3o do uso de drogas, atrav\u00e9s da a\u00e7\u00e3o integrada em Rede, envolvendo a Ufac, Governo Estadual e Municipal, trazendo esse debate ampliado para a academia.<\/p>\n<p>O Ifac tem realizado atrav\u00e9s da Assist\u00eancia Estudantil e Extens\u00e3o importantes a\u00e7\u00f5es para promo\u00e7\u00e3o do esporte e da cultura para a nossa juventude, por meio de uma pol\u00edtica de mobiliza\u00e7\u00e3o em rela\u00e7\u00e3o ao combate e preven\u00e7\u00e3o do uso de drogas nos nossos Campi e em nossa sociedade, a ser desenvolvida ao longo do ano, cujas a\u00e7\u00f5es ser\u00e3o apresentadas pela DSAES no Col\u00e9gio de Dirigentes.<\/p>\n<p>&nbsp;<\/p>\n<p>Parab\u00e9ns a todos os parceiros envolvidos nessa constru\u00e7\u00e3o.<\/p>\n","protected":false},"excerpt":{"rendered":"<p>Hoje participei da abertura do\u00a0III F\u00f3rum contra Drogas: Direito, Preven\u00e7\u00e3o e Cuidado em Rede, no Anfiteatro Garibaldi Brasil na Ufac, que faz parte da VI \u00a0Semana Estadual Sobre Drogas. O Instituto Federal do Acre (Ifac) faz \u00a0mais esse importante trabalho\u00a0 de preven\u00e7\u00e3o do uso de drogas, atrav\u00e9s da a\u00e7\u00e3o integrada em Rede, envolvendo a Ufac, [&hellip;]<\/p>\n","protected":false},"author":15,"featured_media":0,"comment_status":"closed","ping_status":"open","sticky":false,"template":"","format":"standard","meta":{"footnotes":""},"categories":[2],"tags":[],"class_list":["post-4237","post","type-post","status-publish","format-standard","hentry","category-noticias"],"_links":{"self":[{"href":"https:\/\/web.ifac.edu.br\/reitora\/wp-json\/wp\/v2\/posts\/4237","targetHints":{"allow":["GET"]}}],"collection":[{"href":"https:\/\/web.ifac.edu.br\/reitora\/wp-json\/wp\/v2\/posts"}],"about":[{"href":"https:\/\/web.ifac.edu.br\/reitora\/wp-json\/wp\/v2\/types\/post"}],"author":[{"embeddable":true,"href":"https:\/\/web.ifac.edu.br\/reitora\/wp-json\/wp\/v2\/users\/15"}],"replies":[{"embeddable":true,"href":"https:\/\/web.ifac.edu.br\/reitora\/wp-json\/wp\/v2\/comments?post=4237"}],"version-history":[{"count":0,"href":"https:\/\/web.ifac.edu.br\/reitora\/wp-json\/wp\/v2\/posts\/4237\/revisions"}],"wp:attachment":[{"href":"https:\/\/web.ifac.edu.br\/reitora\/wp-json\/wp\/v2\/media?parent=4237"}],"wp:term":[{"taxonomy":"category","embeddable":true,"href":"https:\/\/web.ifac.edu.br\/reitora\/wp-json\/wp\/v2\/categories?post=4237"},{"taxonomy":"post_tag","embeddable":true,"href":"https:\/\/web.ifac.edu.br\/reitora\/wp-json\/wp\/v2\/tags?post=4237"}],"curies":[{"name":"wp","href":"https:\/\/api.w.org\/{rel}","templated":true}]}}