{"id":4228,"date":"2018-06-19T11:34:14","date_gmt":"2018-06-19T14:34:14","guid":{"rendered":"http:\/\/web.ifac.edu.br\/reitora\/?p=4228"},"modified":"2018-06-21T11:47:36","modified_gmt":"2018-06-21T14:47:36","slug":"ii-seminario-da-rede-ifac","status":"publish","type":"post","link":"https:\/\/web.ifac.edu.br\/reitora\/2018\/06\/19\/ii-seminario-da-rede-ifac\/","title":{"rendered":"II Semin\u00e1rio da Rede Ifac"},"content":{"rendered":"<p><img fetchpriority=\"high\" decoding=\"async\" class=\"alignnone size-large wp-image-4229\" src=\"http:\/\/web.ifac.edu.br\/reitora\/wp-content\/uploads\/sites\/30\/2018\/06\/WhatsApp-Image-2018-06-20-at-17.12.03-1024x682.jpeg\" alt=\"\" width=\"625\" height=\"416\" srcset=\"https:\/\/web.ifac.edu.br\/reitora\/wp-content\/uploads\/sites\/30\/2018\/06\/WhatsApp-Image-2018-06-20-at-17.12.03-1024x682.jpeg 1024w, https:\/\/web.ifac.edu.br\/reitora\/wp-content\/uploads\/sites\/30\/2018\/06\/WhatsApp-Image-2018-06-20-at-17.12.03-300x200.jpeg 300w, https:\/\/web.ifac.edu.br\/reitora\/wp-content\/uploads\/sites\/30\/2018\/06\/WhatsApp-Image-2018-06-20-at-17.12.03-768x512.jpeg 768w, https:\/\/web.ifac.edu.br\/reitora\/wp-content\/uploads\/sites\/30\/2018\/06\/WhatsApp-Image-2018-06-20-at-17.12.03-624x416.jpeg 624w, https:\/\/web.ifac.edu.br\/reitora\/wp-content\/uploads\/sites\/30\/2018\/06\/WhatsApp-Image-2018-06-20-at-17.12.03.jpeg 1280w\" sizes=\"(max-width: 625px) 100vw, 625px\" \/>Discutir melhorias e a\u00e7\u00f5es sobre a educa\u00e7\u00e3o profissional \u00e9 de extrema import\u00e2ncia para que o ensino seja cada vez mais de qualidade. E pensando desta maneira, a Pr\u00f3-Reitoria de Ensino (Proen), atrav\u00e9s da equipe da Diretoria de Pol\u00edticas de Educa\u00e7\u00e3o Profissional (Diped), conduziu discuss\u00f5es, juntamente com os\u00a0 diretores de Ensino e coordenadores de cursos do Ifac.<\/p>\n<p><img decoding=\"async\" class=\"alignnone size-large wp-image-4230\" src=\"http:\/\/web.ifac.edu.br\/reitora\/wp-content\/uploads\/sites\/30\/2018\/06\/WhatsApp-Image-2018-06-20-at-17.12.05-1024x682.jpeg\" alt=\"\" width=\"625\" height=\"416\" srcset=\"https:\/\/web.ifac.edu.br\/reitora\/wp-content\/uploads\/sites\/30\/2018\/06\/WhatsApp-Image-2018-06-20-at-17.12.05-1024x682.jpeg 1024w, https:\/\/web.ifac.edu.br\/reitora\/wp-content\/uploads\/sites\/30\/2018\/06\/WhatsApp-Image-2018-06-20-at-17.12.05-300x200.jpeg 300w, https:\/\/web.ifac.edu.br\/reitora\/wp-content\/uploads\/sites\/30\/2018\/06\/WhatsApp-Image-2018-06-20-at-17.12.05-768x512.jpeg 768w, https:\/\/web.ifac.edu.br\/reitora\/wp-content\/uploads\/sites\/30\/2018\/06\/WhatsApp-Image-2018-06-20-at-17.12.05-624x416.jpeg 624w, https:\/\/web.ifac.edu.br\/reitora\/wp-content\/uploads\/sites\/30\/2018\/06\/WhatsApp-Image-2018-06-20-at-17.12.05.jpeg 1280w\" sizes=\"(max-width: 625px) 100vw, 625px\" \/><\/p>\n<p>O II Semin\u00e1rio da Rede Ifac, que teve in\u00edcio no dia 19 de julho, contou com a participa\u00e7\u00e3o do professor Sidinei Cruz Sobrinho, do Instituto Federal Farroupilha, que nos trouxe conhecimento e novas discuss\u00f5es, ampliando o debate sobre a tem\u00e1tica \u201cEduca\u00e7\u00e3o Profissional no contexto das diretrizes curriculares para o Ensino M\u00e9dio Integrado: desafios e possibilidades\u201d.<\/p>\n<p><img decoding=\"async\" class=\"alignnone size-large wp-image-4231\" src=\"http:\/\/web.ifac.edu.br\/reitora\/wp-content\/uploads\/sites\/30\/2018\/06\/WhatsApp-Image-2018-06-20-at-17.12.00-1024x682.jpeg\" alt=\"\" width=\"625\" height=\"416\" srcset=\"https:\/\/web.ifac.edu.br\/reitora\/wp-content\/uploads\/sites\/30\/2018\/06\/WhatsApp-Image-2018-06-20-at-17.12.00-1024x682.jpeg 1024w, https:\/\/web.ifac.edu.br\/reitora\/wp-content\/uploads\/sites\/30\/2018\/06\/WhatsApp-Image-2018-06-20-at-17.12.00-300x200.jpeg 300w, https:\/\/web.ifac.edu.br\/reitora\/wp-content\/uploads\/sites\/30\/2018\/06\/WhatsApp-Image-2018-06-20-at-17.12.00-768x512.jpeg 768w, https:\/\/web.ifac.edu.br\/reitora\/wp-content\/uploads\/sites\/30\/2018\/06\/WhatsApp-Image-2018-06-20-at-17.12.00-624x416.jpeg 624w, https:\/\/web.ifac.edu.br\/reitora\/wp-content\/uploads\/sites\/30\/2018\/06\/WhatsApp-Image-2018-06-20-at-17.12.00.jpeg 1280w\" sizes=\"(max-width: 625px) 100vw, 625px\" \/><\/p>\n<p>Quero aqui parabenizar a todos os profissionais que organizaram o evento, como tamb\u00e9m a todos aqueles que participaram das discuss\u00f5es, contribuindo para amplia\u00e7\u00e3o de um ensino de qualidade.<\/p>\n","protected":false},"excerpt":{"rendered":"<p>Discutir melhorias e a\u00e7\u00f5es sobre a educa\u00e7\u00e3o profissional \u00e9 de extrema import\u00e2ncia para que o ensino seja cada vez mais de qualidade. E pensando desta maneira, a Pr\u00f3-Reitoria de Ensino (Proen), atrav\u00e9s da equipe da Diretoria de Pol\u00edticas de Educa\u00e7\u00e3o Profissional (Diped), conduziu discuss\u00f5es, juntamente com os\u00a0 diretores de Ensino e coordenadores de cursos do [&hellip;]<\/p>\n","protected":false},"author":15,"featured_media":0,"comment_status":"closed","ping_status":"open","sticky":false,"template":"","format":"standard","meta":{"footnotes":""},"categories":[2],"tags":[],"class_list":["post-4228","post","type-post","status-publish","format-standard","hentry","category-noticias"],"_links":{"self":[{"href":"https:\/\/web.ifac.edu.br\/reitora\/wp-json\/wp\/v2\/posts\/4228","targetHints":{"allow":["GET"]}}],"collection":[{"href":"https:\/\/web.ifac.edu.br\/reitora\/wp-json\/wp\/v2\/posts"}],"about":[{"href":"https:\/\/web.ifac.edu.br\/reitora\/wp-json\/wp\/v2\/types\/post"}],"author":[{"embeddable":true,"href":"https:\/\/web.ifac.edu.br\/reitora\/wp-json\/wp\/v2\/users\/15"}],"replies":[{"embeddable":true,"href":"https:\/\/web.ifac.edu.br\/reitora\/wp-json\/wp\/v2\/comments?post=4228"}],"version-history":[{"count":0,"href":"https:\/\/web.ifac.edu.br\/reitora\/wp-json\/wp\/v2\/posts\/4228\/revisions"}],"wp:attachment":[{"href":"https:\/\/web.ifac.edu.br\/reitora\/wp-json\/wp\/v2\/media?parent=4228"}],"wp:term":[{"taxonomy":"category","embeddable":true,"href":"https:\/\/web.ifac.edu.br\/reitora\/wp-json\/wp\/v2\/categories?post=4228"},{"taxonomy":"post_tag","embeddable":true,"href":"https:\/\/web.ifac.edu.br\/reitora\/wp-json\/wp\/v2\/tags?post=4228"}],"curies":[{"name":"wp","href":"https:\/\/api.w.org\/{rel}","templated":true}]}}