{"id":4223,"date":"2018-06-14T19:22:36","date_gmt":"2018-06-14T22:22:36","guid":{"rendered":"http:\/\/web.ifac.edu.br\/reitora\/?p=4223"},"modified":"2018-06-19T19:26:33","modified_gmt":"2018-06-19T22:26:33","slug":"4223","status":"publish","type":"post","link":"https:\/\/web.ifac.edu.br\/reitora\/2018\/06\/14\/4223\/","title":{"rendered":"JIFAC 2018 em Cruzeiro do Sul"},"content":{"rendered":"<p><img decoding=\"async\" src=\"http:\/\/portal.ifac.edu.br\/images\/conteudo\/materias\/2018\/06-Junho\/abertura_jifac_2018-4.jpg\" \/><\/p>\n<p>Estamos em Cruzeiro do Sul e nem mesmo o frio nos desanima. A edi\u00e7\u00e3o do JIFAC 2018 segue at\u00e9 o dia 17 de junho, com a participa\u00e7\u00e3o de mais de 250 atletas, al\u00e9m de servidores e comunidade.\u00a0<strong><a href=\"https:\/\/www.flickr.com\/photos\/redeifac\/albums\/72157696336430881\" target=\"_blank\" rel=\"noopener noreferrer\">Mais fotos no Flickr do Ifac<\/a><\/strong><\/p>\n<p>Ver o envolvimento de todos nessa grande festa, a participa\u00e7\u00e3o dos estudantes nos diversos esportes e a\u00e7\u00f5es culturais, como tamb\u00e9m a dedica\u00e7\u00e3o na organiza\u00e7\u00e3o do evento, nos mostra que estamos trabalhando no caminho certo.<\/p>\n<p>Desde 2014 temos feito investimentos na \u00e1rea esportiva e tudo isso tem contribu\u00eddo para uma educa\u00e7\u00e3o de qualidade. Boa sorte nos jogos e aproveitem o JIFAC, pessoal!<\/p>\n<p><strong>Saiba mais sobre o JIFAC 2018 em\u00a0<a href=\"http:\/\/web.ifac.edu.br\/jifac\" target=\"_blank\" rel=\"noopener noreferrer\">web.ifac.edu.br\/jifac<\/a>.<\/strong><\/p>\n","protected":false},"excerpt":{"rendered":"<p>Estamos em Cruzeiro do Sul e nem mesmo o frio nos desanima. A edi\u00e7\u00e3o do JIFAC 2018 segue at\u00e9 o dia 17 de junho, com a participa\u00e7\u00e3o de mais de 250 atletas, al\u00e9m de servidores e comunidade.\u00a0Mais fotos no Flickr do Ifac Ver o envolvimento de todos nessa grande festa, a participa\u00e7\u00e3o dos estudantes nos [&hellip;]<\/p>\n","protected":false},"author":15,"featured_media":0,"comment_status":"closed","ping_status":"open","sticky":false,"template":"","format":"standard","meta":{"footnotes":""},"categories":[2],"tags":[],"class_list":["post-4223","post","type-post","status-publish","format-standard","hentry","category-noticias"],"_links":{"self":[{"href":"https:\/\/web.ifac.edu.br\/reitora\/wp-json\/wp\/v2\/posts\/4223","targetHints":{"allow":["GET"]}}],"collection":[{"href":"https:\/\/web.ifac.edu.br\/reitora\/wp-json\/wp\/v2\/posts"}],"about":[{"href":"https:\/\/web.ifac.edu.br\/reitora\/wp-json\/wp\/v2\/types\/post"}],"author":[{"embeddable":true,"href":"https:\/\/web.ifac.edu.br\/reitora\/wp-json\/wp\/v2\/users\/15"}],"replies":[{"embeddable":true,"href":"https:\/\/web.ifac.edu.br\/reitora\/wp-json\/wp\/v2\/comments?post=4223"}],"version-history":[{"count":0,"href":"https:\/\/web.ifac.edu.br\/reitora\/wp-json\/wp\/v2\/posts\/4223\/revisions"}],"wp:attachment":[{"href":"https:\/\/web.ifac.edu.br\/reitora\/wp-json\/wp\/v2\/media?parent=4223"}],"wp:term":[{"taxonomy":"category","embeddable":true,"href":"https:\/\/web.ifac.edu.br\/reitora\/wp-json\/wp\/v2\/categories?post=4223"},{"taxonomy":"post_tag","embeddable":true,"href":"https:\/\/web.ifac.edu.br\/reitora\/wp-json\/wp\/v2\/tags?post=4223"}],"curies":[{"name":"wp","href":"https:\/\/api.w.org\/{rel}","templated":true}]}}