{"id":4216,"date":"2018-06-08T15:34:08","date_gmt":"2018-06-08T18:34:08","guid":{"rendered":"http:\/\/web.ifac.edu.br\/reitora\/?p=4216"},"modified":"2018-06-08T18:08:45","modified_gmt":"2018-06-08T21:08:45","slug":"parcerias-com-mpac-e-idaf","status":"publish","type":"post","link":"https:\/\/web.ifac.edu.br\/reitora\/2018\/06\/08\/parcerias-com-mpac-e-idaf\/","title":{"rendered":"Parcerias com MPAC e IDAF"},"content":{"rendered":"<p><img fetchpriority=\"high\" decoding=\"async\" class=\"alignnone wp-image-4217 size-large\" src=\"http:\/\/web.ifac.edu.br\/reitora\/wp-content\/uploads\/sites\/30\/2018\/06\/DSC_0131-001-1024x572.jpg\" alt=\"\" width=\"625\" height=\"349\" srcset=\"https:\/\/web.ifac.edu.br\/reitora\/wp-content\/uploads\/sites\/30\/2018\/06\/DSC_0131-001-1024x572.jpg 1024w, https:\/\/web.ifac.edu.br\/reitora\/wp-content\/uploads\/sites\/30\/2018\/06\/DSC_0131-001-300x167.jpg 300w, https:\/\/web.ifac.edu.br\/reitora\/wp-content\/uploads\/sites\/30\/2018\/06\/DSC_0131-001-768x429.jpg 768w, https:\/\/web.ifac.edu.br\/reitora\/wp-content\/uploads\/sites\/30\/2018\/06\/DSC_0131-001-624x348.jpg 624w\" sizes=\"(max-width: 625px) 100vw, 625px\" \/><\/p>\n<p>Esta semana ampliamos um pouco mais nossas parcerias. E a uni\u00e3o com outras institui\u00e7\u00f5es do nosso Estado tem sido de extrema import\u00e2ncia para o desenvolvimento de nossas atividades, como tamb\u00e9m para amplia\u00e7\u00e3o de oportunidades aos nossos estudantes e servidores.<\/p>\n<p>No dia 05 de junho, data em que comemoramos o Dia Mundial do Meio Ambiente, assinamos um termo de coopera\u00e7\u00e3o com o\u00a0Minist\u00e9rio P\u00fablico do Estado do Acre (MPAC), a Secretaria de Estado do Meio Ambiente (Sema), a\u00a0Secretaria Municipal de Meio Ambiente (Semeia), a Associa\u00e7\u00e3o\u00a0SOS Amaz\u00f4nia, para desenvolvido da campanha Semeando Atitudes Sustent\u00e1veis.<\/p>\n<p><img decoding=\"async\" class=\"alignnone wp-image-4218 size-large\" src=\"http:\/\/web.ifac.edu.br\/reitora\/wp-content\/uploads\/sites\/30\/2018\/06\/DSC_0018-1024x683.jpg\" alt=\"\" width=\"625\" height=\"417\" srcset=\"https:\/\/web.ifac.edu.br\/reitora\/wp-content\/uploads\/sites\/30\/2018\/06\/DSC_0018-1024x683.jpg 1024w, https:\/\/web.ifac.edu.br\/reitora\/wp-content\/uploads\/sites\/30\/2018\/06\/DSC_0018-300x200.jpg 300w, https:\/\/web.ifac.edu.br\/reitora\/wp-content\/uploads\/sites\/30\/2018\/06\/DSC_0018-768x512.jpg 768w, https:\/\/web.ifac.edu.br\/reitora\/wp-content\/uploads\/sites\/30\/2018\/06\/DSC_0018-624x416.jpg 624w\" sizes=\"(max-width: 625px) 100vw, 625px\" \/><\/p>\n<p>Na data de ontem (07.06) assinamos um conv\u00eanio de est\u00e1gio com o Instituto de Defesa Agropecu\u00e1ria e Florestal (Idaf). A parceria vai contribuir para que nossos estudantes possam realizar os est\u00e1gios curriculares nas unidades do Idaf no Acre.<\/p>\n","protected":false},"excerpt":{"rendered":"<p>Esta semana ampliamos um pouco mais nossas parcerias. E a uni\u00e3o com outras institui\u00e7\u00f5es do nosso Estado tem sido de extrema import\u00e2ncia para o desenvolvimento de nossas atividades, como tamb\u00e9m para amplia\u00e7\u00e3o de oportunidades aos nossos estudantes e servidores. No dia 05 de junho, data em que comemoramos o Dia Mundial do Meio Ambiente, assinamos [&hellip;]<\/p>\n","protected":false},"author":27,"featured_media":0,"comment_status":"closed","ping_status":"open","sticky":false,"template":"","format":"standard","meta":{"footnotes":""},"categories":[2],"tags":[],"class_list":["post-4216","post","type-post","status-publish","format-standard","hentry","category-noticias"],"_links":{"self":[{"href":"https:\/\/web.ifac.edu.br\/reitora\/wp-json\/wp\/v2\/posts\/4216","targetHints":{"allow":["GET"]}}],"collection":[{"href":"https:\/\/web.ifac.edu.br\/reitora\/wp-json\/wp\/v2\/posts"}],"about":[{"href":"https:\/\/web.ifac.edu.br\/reitora\/wp-json\/wp\/v2\/types\/post"}],"author":[{"embeddable":true,"href":"https:\/\/web.ifac.edu.br\/reitora\/wp-json\/wp\/v2\/users\/27"}],"replies":[{"embeddable":true,"href":"https:\/\/web.ifac.edu.br\/reitora\/wp-json\/wp\/v2\/comments?post=4216"}],"version-history":[{"count":0,"href":"https:\/\/web.ifac.edu.br\/reitora\/wp-json\/wp\/v2\/posts\/4216\/revisions"}],"wp:attachment":[{"href":"https:\/\/web.ifac.edu.br\/reitora\/wp-json\/wp\/v2\/media?parent=4216"}],"wp:term":[{"taxonomy":"category","embeddable":true,"href":"https:\/\/web.ifac.edu.br\/reitora\/wp-json\/wp\/v2\/categories?post=4216"},{"taxonomy":"post_tag","embeddable":true,"href":"https:\/\/web.ifac.edu.br\/reitora\/wp-json\/wp\/v2\/tags?post=4216"}],"curies":[{"name":"wp","href":"https:\/\/api.w.org\/{rel}","templated":true}]}}