{"id":4194,"date":"2018-05-22T21:29:42","date_gmt":"2018-05-23T00:29:42","guid":{"rendered":"http:\/\/web.ifac.edu.br\/reitora\/?p=4194"},"modified":"2018-05-24T22:26:51","modified_gmt":"2018-05-25T01:26:51","slug":"ifac-e-spu-assinam-contrato-de-cessao-de-imovel","status":"publish","type":"post","link":"https:\/\/web.ifac.edu.br\/reitora\/2018\/05\/22\/ifac-e-spu-assinam-contrato-de-cessao-de-imovel\/","title":{"rendered":"IFAC e SPU assinam contrato de cess\u00e3o de im\u00f3vel"},"content":{"rendered":"<p>Nesta ter\u00e7a feira (22.05), assinamos o termo de concess\u00e3o com a Secretaria do Patrim\u00f4nio da Uni\u00e3o &#8211; SPU que cedeu o Pr\u00e9dio ao lado da Anvisa com 1800 m\u00b2. \u00a0\u00c9 um momento muito feliz, porque a cess\u00e3o desse pr\u00e9dio vai nos ajudar de forma significativa, para futuras instala\u00e7\u00f5es da reitoria.<\/p>\n<p><img fetchpriority=\"high\" decoding=\"async\" class=\"alignnone size-large wp-image-4195\" src=\"http:\/\/web.ifac.edu.br\/reitora\/wp-content\/uploads\/sites\/30\/2018\/05\/spu-2-1024x766.jpeg\" alt=\"\" width=\"625\" height=\"468\" srcset=\"https:\/\/web.ifac.edu.br\/reitora\/wp-content\/uploads\/sites\/30\/2018\/05\/spu-2-1024x766.jpeg 1024w, https:\/\/web.ifac.edu.br\/reitora\/wp-content\/uploads\/sites\/30\/2018\/05\/spu-2-300x224.jpeg 300w, https:\/\/web.ifac.edu.br\/reitora\/wp-content\/uploads\/sites\/30\/2018\/05\/spu-2-768x574.jpeg 768w, https:\/\/web.ifac.edu.br\/reitora\/wp-content\/uploads\/sites\/30\/2018\/05\/spu-2-624x467.jpeg 624w, https:\/\/web.ifac.edu.br\/reitora\/wp-content\/uploads\/sites\/30\/2018\/05\/spu-2.jpeg 1280w\" sizes=\"(max-width: 625px) 100vw, 625px\" \/> <img decoding=\"async\" class=\"alignnone size-large wp-image-4196\" src=\"http:\/\/web.ifac.edu.br\/reitora\/wp-content\/uploads\/sites\/30\/2018\/05\/spu-1-1024x766.jpeg\" alt=\"\" width=\"625\" height=\"468\" srcset=\"https:\/\/web.ifac.edu.br\/reitora\/wp-content\/uploads\/sites\/30\/2018\/05\/spu-1-1024x766.jpeg 1024w, https:\/\/web.ifac.edu.br\/reitora\/wp-content\/uploads\/sites\/30\/2018\/05\/spu-1-300x224.jpeg 300w, https:\/\/web.ifac.edu.br\/reitora\/wp-content\/uploads\/sites\/30\/2018\/05\/spu-1-768x574.jpeg 768w, https:\/\/web.ifac.edu.br\/reitora\/wp-content\/uploads\/sites\/30\/2018\/05\/spu-1-624x467.jpeg 624w, https:\/\/web.ifac.edu.br\/reitora\/wp-content\/uploads\/sites\/30\/2018\/05\/spu-1.jpeg 1280w\" sizes=\"(max-width: 625px) 100vw, 625px\" \/><\/p>\n","protected":false},"excerpt":{"rendered":"<p>Nesta ter\u00e7a feira (22.05), assinamos o termo de concess\u00e3o com a Secretaria do Patrim\u00f4nio da Uni\u00e3o &#8211; SPU que cedeu o Pr\u00e9dio ao lado da Anvisa com 1800 m\u00b2. \u00a0\u00c9 um momento muito feliz, porque a cess\u00e3o desse pr\u00e9dio vai nos ajudar de forma significativa, para futuras instala\u00e7\u00f5es da reitoria.<\/p>\n","protected":false},"author":15,"featured_media":0,"comment_status":"closed","ping_status":"open","sticky":false,"template":"","format":"standard","meta":{"footnotes":""},"categories":[2],"tags":[],"class_list":["post-4194","post","type-post","status-publish","format-standard","hentry","category-noticias"],"_links":{"self":[{"href":"https:\/\/web.ifac.edu.br\/reitora\/wp-json\/wp\/v2\/posts\/4194","targetHints":{"allow":["GET"]}}],"collection":[{"href":"https:\/\/web.ifac.edu.br\/reitora\/wp-json\/wp\/v2\/posts"}],"about":[{"href":"https:\/\/web.ifac.edu.br\/reitora\/wp-json\/wp\/v2\/types\/post"}],"author":[{"embeddable":true,"href":"https:\/\/web.ifac.edu.br\/reitora\/wp-json\/wp\/v2\/users\/15"}],"replies":[{"embeddable":true,"href":"https:\/\/web.ifac.edu.br\/reitora\/wp-json\/wp\/v2\/comments?post=4194"}],"version-history":[{"count":0,"href":"https:\/\/web.ifac.edu.br\/reitora\/wp-json\/wp\/v2\/posts\/4194\/revisions"}],"wp:attachment":[{"href":"https:\/\/web.ifac.edu.br\/reitora\/wp-json\/wp\/v2\/media?parent=4194"}],"wp:term":[{"taxonomy":"category","embeddable":true,"href":"https:\/\/web.ifac.edu.br\/reitora\/wp-json\/wp\/v2\/categories?post=4194"},{"taxonomy":"post_tag","embeddable":true,"href":"https:\/\/web.ifac.edu.br\/reitora\/wp-json\/wp\/v2\/tags?post=4194"}],"curies":[{"name":"wp","href":"https:\/\/api.w.org\/{rel}","templated":true}]}}